{"id":125224,"date":"2026-04-30T15:00:32","date_gmt":"2026-04-30T13:00:32","guid":{"rendered":"https:\/\/www.lasalle.org\/?p=125224"},"modified":"2026-04-30T15:12:56","modified_gmt":"2026-04-30T13:12:56","slug":"connessione-la-salle-episodio-4-la-nascita-di-san-giovanni-battista-de-la-salle","status":"publish","type":"post","link":"https:\/\/www.lasalle.org\/it\/connessione-la-salle-episodio-4-la-nascita-di-san-giovanni-battista-de-la-salle\/","title":{"rendered":"Connessione La Salle &#8211; Episodio 4: La nascita di San Giovanni Battista de La Salle"},"content":{"rendered":"<div class=\"pdfprnt-buttons pdfprnt-buttons-post pdfprnt-top-right\"><a href=\"https:\/\/www.lasalle.org\/it\/wp-json\/wp\/v2\/posts\/125224?print=pdf\" class=\"pdfprnt-button pdfprnt-button-pdf\" target=\"_blank\" ><img decoding=\"async\" src=\"https:\/\/www.lasalle.org\/wp-content\/plugins\/pdf-print\/images\/pdf.png\" alt=\"image_pdf\" title=\"Scarica il pdf\" \/><span class=\"pdfprnt-button-title pdfprnt-button-pdf-title\">PDF<\/span><\/a><a href=\"https:\/\/www.lasalle.org\/it\/wp-json\/wp\/v2\/posts\/125224?print=print\" class=\"pdfprnt-button pdfprnt-button-print\" target=\"_blank\" ><img decoding=\"async\" src=\"https:\/\/www.lasalle.org\/wp-content\/plugins\/pdf-print\/images\/print.png\" alt=\"image_print\" title=\"Stampa contenuto\" \/><span class=\"pdfprnt-button-title pdfprnt-button-print-title\">PRINT<\/span><\/a><\/div><div class=\"fusion-fullwidth fullwidth-box fusion-builder-row-1 fusion-flex-container nonhundred-percent-fullwidth non-hundred-percent-height-scrolling\" style=\"--awb-border-radius-top-left:0px;--awb-border-radius-top-right:0px;--awb-border-radius-bottom-right:0px;--awb-border-radius-bottom-left:0px;--awb-flex-wrap:wrap;\" ><div class=\"fusion-builder-row fusion-row fusion-flex-align-items-flex-start fusion-flex-content-wrap\" style=\"max-width:1248px;margin-left: calc(-4% \/ 2 );margin-right: calc(-4% \/ 2 );\"><div class=\"fusion-layout-column fusion_builder_column fusion-builder-column-0 fusion_builder_column_1_1 1_1 fusion-flex-column\" style=\"--awb-bg-size:cover;--awb-width-large:100%;--awb-margin-top-large:0px;--awb-spacing-right-large:1.92%;--awb-margin-bottom-large:0px;--awb-spacing-left-large:1.92%;--awb-width-medium:100%;--awb-spacing-right-medium:1.92%;--awb-spacing-left-medium:1.92%;--awb-width-small:100%;--awb-spacing-right-small:1.92%;--awb-spacing-left-small:1.92%;\"><div class=\"fusion-column-wrapper fusion-flex-justify-content-flex-start fusion-content-layout-column\"><div class=\"fusion-title title fusion-title-1 fusion-sep-none fusion-title-text fusion-title-size-two\" style=\"--awb-text-color:var(--awb-custom17);--awb-font-size:22px;\"><h2 class=\"fusion-title-heading title-heading-left\" style=\"margin:0;font-size:1em;\"><em><strong>\u201cConnessione La Salle\u201d \u00e8 una serie multimediale pensata per avvicinare la Famiglia Lasalliana ad alcuni eventi storici che continuano a ispirare i lasalliani di oggi.<\/strong><\/em><\/h2><\/div><div class=\"fusion-text fusion-text-1\"><p><span style=\"font-weight: 400;\">In questa puntata di C<\/span><i><span style=\"font-weight: 400;\">onnessione La Salle<\/span><\/i><span style=\"font-weight: 400;\"> parleremo della nascita di San Giovanni Battista de La Salle.\u00a0<\/span><\/p>\n<p><span style=\"font-weight: 400;\">Ci\u00f2 avvenne nella citt\u00e0 di Reims. Si tratta di una citt\u00e0 che, all&#8217;epoca, era caratterizzata da un&#8217;ampia partecipazione dei cittadini alla gestione della citt\u00e0; dalla creazione di importanti istituzioni solidali a sostegno dei pi\u00f9 poveri; e da un impulso alla creazione di comunit\u00e0 religiose al servizio dei poveri, anch&#8217;esso molto significativo.\u00a0<\/span><\/p>\n<p><span style=\"font-weight: 400;\">Queste condizioni sociali in cui nasce Giovanni Battista de La Salle hanno evidentemente segnato la sua vita. Egli vive nel periodo della crisi della coscienza europea; vale a dire, il periodo in cui la societ\u00e0 europea si sta trasformando da una societ\u00e0 medievale, basata su una serie di valori evangelici, a una societ\u00e0 capitalista complessa.<\/span><\/p>\n<p><span style=\"font-weight: 400;\">In quella societ\u00e0, nel 1650, si sposano Louis de La Salle e Nicole Mo\u00ebt. Entrambi provengono da famiglie legate all\u2019amministrazione comunale, alla magistratura cittadina e anche alla gestione degli istituti di assistenza ai poveri.\u00a0<\/span><\/p>\n<p><span style=\"font-weight: 400;\">Nell\u2019agosto del 1650 firmano un contratto tra le due famiglie e si sposano pochi giorni dopo.\u00a0<\/span><\/p>\n<p><span style=\"font-weight: 400;\">Otto mesi dopo nasce Giovanni Battista. Questa nascita prematura avr\u00e0 conseguenze sulla sua salute per tutta la vita. Nasce nel cosiddetto \u201cHotel de la Cl\u00f4che\u201d, un palazzetto situato nel centro della citt\u00e0 che era stato acquistato dalla famiglia La Salle non molto tempo prima.<\/span><\/p>\n<p><span style=\"font-weight: 400;\">Il battesimo, celebrato lo stesso giorno, avviene nella parrocchia dei padrini, San Hilario, secondo l\u2019usanza dell\u2019epoca.\u00a0<\/span><\/p>\n<p><span style=\"font-weight: 400;\">La sua famiglia andr\u00e0 a vivere in questo \u201cHotel de la Cl\u00f4che\u201d per alcuni anni come inquilini del fratello maggiore di Louis, poich\u00e9 era lui a ereditare la propriet\u00e0 della casa. L\u00ec avranno altri 11 figli, di cui ne sopravviveranno 6.\u00a0<\/span><\/p>\n<p><span style=\"font-weight: 400;\">In questa casa si svolgeranno i suoi primi anni di vita e la sua vita cristiana, argomento di cui parleremo in un&#8217;altra occasione.<\/span><\/p>\n<\/div><div class=\"fusion-video fusion-youtube\" style=\"--awb-max-width:1000px;--awb-max-height:650px;--awb-align-self:center;--awb-width:100%;\"><div class=\"video-shortcode\"><div class=\"fluid-width-video-wrapper\" style=\"padding-top:65%;\" ><iframe title=\"YouTube video player 1\" src=\"https:\/\/www.youtube.com\/embed\/1Mh_ta_GhfY?wmode=transparent&autoplay=0\" width=\"1000\" height=\"650\" allowfullscreen allow=\"autoplay; clipboard-write; encrypted-media; gyroscope; picture-in-picture;\"><\/iframe><\/div><\/div><\/div><div class=\"fusion-text fusion-text-2\"><p><b><i>Nei prossimi episodi continueremo a condividere altri momenti significativi della vita e dell&#8217;opera di San Giovanni Battista de La Salle. Potete trovarli su <\/i><\/b><a href=\"http:\/\/www.lasalle.org\"><b><i>www.lasalle.org<\/i><\/b><\/a><b><i> e sui nostri social network.<\/i><\/b><\/p>\n<\/div><\/div><\/div><\/div><\/div>\n","protected":false},"excerpt":{"rendered":"","protected":false},"author":9,"featured_media":124225,"comment_status":"closed","ping_status":"closed","sticky":false,"template":"","format":"standard","meta":{"_tec_requires_first_save":true,"_monsterinsights_skip_tracking":false,"_monsterinsights_sitenote_active":false,"_monsterinsights_sitenote_note":"","_monsterinsights_sitenote_category":0,"_EventAllDay":false,"_EventTimezone":"","_EventStartDate":"","_EventEndDate":"","_EventStartDateUTC":"","_EventEndDateUTC":"","_EventShowMap":false,"_EventShowMapLink":false,"_EventURL":"","_EventCost":"","_EventCostDescription":"","_EventCurrencySymbol":"","_EventCurrencyCode":"","_EventCurrencyPosition":"","_EventDateTimeSeparator":"","_EventTimeRangeSeparator":"","_EventOrganizerID":[],"_EventVenueID":[],"_OrganizerEmail":"","_OrganizerPhone":"","_OrganizerWebsite":"","_VenueAddress":"","_VenueCity":"","_VenueCountry":"","_VenueProvince":"","_VenueState":"","_VenueZip":"","_VenuePhone":"","_VenueURL":"","_VenueStateProvince":"","_VenueLat":"","_VenueLng":"","_VenueShowMap":false,"_VenueShowMapLink":false,"_tribe_blocks_recurrence_rules":"","_tribe_blocks_recurrence_description":"","_tribe_blocks_recurrence_exclusions":"","footnotes":""},"categories":[3558,3366,3794],"tags":[],"class_list":["post-125224","post","type-post","status-publish","format-standard","has-post-thumbnail","hentry","category-casa-generalizia-it","category-notizie","category-risorse"],"_links":{"self":[{"href":"https:\/\/www.lasalle.org\/it\/wp-json\/wp\/v2\/posts\/125224","targetHints":{"allow":["GET"]}}],"collection":[{"href":"https:\/\/www.lasalle.org\/it\/wp-json\/wp\/v2\/posts"}],"about":[{"href":"https:\/\/www.lasalle.org\/it\/wp-json\/wp\/v2\/types\/post"}],"author":[{"embeddable":true,"href":"https:\/\/www.lasalle.org\/it\/wp-json\/wp\/v2\/users\/9"}],"replies":[{"embeddable":true,"href":"https:\/\/www.lasalle.org\/it\/wp-json\/wp\/v2\/comments?post=125224"}],"version-history":[{"count":3,"href":"https:\/\/www.lasalle.org\/it\/wp-json\/wp\/v2\/posts\/125224\/revisions"}],"predecessor-version":[{"id":125231,"href":"https:\/\/www.lasalle.org\/it\/wp-json\/wp\/v2\/posts\/125224\/revisions\/125231"}],"wp:featuredmedia":[{"embeddable":true,"href":"https:\/\/www.lasalle.org\/it\/wp-json\/wp\/v2\/media\/124225"}],"wp:attachment":[{"href":"https:\/\/www.lasalle.org\/it\/wp-json\/wp\/v2\/media?parent=125224"}],"wp:term":[{"taxonomy":"category","embeddable":true,"href":"https:\/\/www.lasalle.org\/it\/wp-json\/wp\/v2\/categories?post=125224"},{"taxonomy":"post_tag","embeddable":true,"href":"https:\/\/www.lasalle.org\/it\/wp-json\/wp\/v2\/tags?post=125224"}],"curies":[{"name":"wp","href":"https:\/\/api.w.org\/{rel}","templated":true}]}}