{"id":126940,"date":"2026-08-27T20:00:32","date_gmt":"2026-08-27T18:00:32","guid":{"rendered":"https:\/\/www.lasalle.org\/?p=126940"},"modified":"2026-09-01T11:38:19","modified_gmt":"2026-09-01T09:38:19","slug":"connessione-la-salle-episodio-7-questa-e-lopera-di-dio","status":"publish","type":"post","link":"https:\/\/www.lasalle.org\/it\/connessione-la-salle-episodio-7-questa-e-lopera-di-dio\/","title":{"rendered":"Connessione La Salle &#8211; Episodio 7: \u201cQuesta \u00e8 l&#8217;opera di Dio\u201d"},"content":{"rendered":"<div class=\"pdfprnt-buttons pdfprnt-buttons-post pdfprnt-top-right\"><a href=\"https:\/\/www.lasalle.org\/it\/wp-json\/wp\/v2\/posts\/126940?print=pdf\" class=\"pdfprnt-button pdfprnt-button-pdf\" target=\"_blank\" ><img decoding=\"async\" src=\"https:\/\/www.lasalle.org\/wp-content\/plugins\/pdf-print\/images\/pdf.png\" alt=\"image_pdf\" title=\"Scarica il pdf\" \/><span class=\"pdfprnt-button-title pdfprnt-button-pdf-title\">PDF<\/span><\/a><a href=\"https:\/\/www.lasalle.org\/it\/wp-json\/wp\/v2\/posts\/126940?print=print\" class=\"pdfprnt-button pdfprnt-button-print\" target=\"_blank\" ><img decoding=\"async\" src=\"https:\/\/www.lasalle.org\/wp-content\/plugins\/pdf-print\/images\/print.png\" alt=\"image_print\" title=\"Stampa contenuto\" \/><span class=\"pdfprnt-button-title pdfprnt-button-print-title\">PRINT<\/span><\/a><\/div><div class=\"fusion-fullwidth fullwidth-box fusion-builder-row-1 fusion-flex-container nonhundred-percent-fullwidth non-hundred-percent-height-scrolling\" style=\"--awb-border-radius-top-left:0px;--awb-border-radius-top-right:0px;--awb-border-radius-bottom-right:0px;--awb-border-radius-bottom-left:0px;--awb-flex-wrap:wrap;\" ><div class=\"fusion-builder-row fusion-row fusion-flex-align-items-flex-start fusion-flex-content-wrap\" style=\"max-width:1248px;margin-left: calc(-4% \/ 2 );margin-right: calc(-4% \/ 2 );\"><div class=\"fusion-layout-column fusion_builder_column fusion-builder-column-0 fusion_builder_column_1_1 1_1 fusion-flex-column\" style=\"--awb-bg-size:cover;--awb-width-large:100%;--awb-margin-top-large:0px;--awb-spacing-right-large:1.92%;--awb-margin-bottom-large:0px;--awb-spacing-left-large:1.92%;--awb-width-medium:100%;--awb-spacing-right-medium:1.92%;--awb-spacing-left-medium:1.92%;--awb-width-small:100%;--awb-spacing-right-small:1.92%;--awb-spacing-left-small:1.92%;\"><div class=\"fusion-column-wrapper fusion-flex-justify-content-flex-start fusion-content-layout-column\"><div class=\"fusion-title title fusion-title-1 fusion-sep-none fusion-title-text fusion-title-size-two\" style=\"--awb-text-color:var(--awb-custom17);--awb-font-size:22px;\"><h2 class=\"fusion-title-heading title-heading-left\" style=\"margin:0;font-size:1em;\"><b><i>\u201cConnessione La Salle\u201d \u00c8 una serie multimediale pensata per avvicinare la famiglia lasalliana ad alcuni eventi storici che continuano a ispirare i lasalliani di oggi.<\/i><\/b><\/h2><\/div><div class=\"fusion-text fusion-text-1\"><p><span style=\"font-weight: 400;\">In questa puntata di \u201c<\/span><i><span style=\"font-weight: 400;\">Connessione La Salle<\/span><\/i><span style=\"font-weight: 400;\">\u201d parleremo di come il nostro Padre abbia attraversato una lunga crisi nella sua vita.\u00a0<\/span><\/p>\n<p><span style=\"font-weight: 400;\">Tra il 1713 e il 1714, La Salle attravers\u00f2 una grave crisi; non solo riguardo a ci\u00f2 che faceva, ma anche riguardo alla sua stessa persona; una crisi spirituale. I biografi ne danno testimonianza e Jean-Baptiste Blain, uno dei primi, afferma che per cento volte l\u2019opera fu sul punto di scomparire, di crollare.\u00a0<\/span><\/p>\n<p><span style=\"font-weight: 400;\">I problemi avevano origini diverse. Da un lato, c\u2019erano le controversie con i sindacati degli insegnanti, che detenevano il monopolio delle scuole a pagamento; la presenza di queste scuole gratuite, che non facevano distinzioni tra i propri allievi, rappresentava per loro un problema economico. Fin dal suo arrivo a Parigi, La Salle ebbe molti problemi, e pi\u00f9 di tre volte la questione fin\u00ec in tribunale.\u00a0<\/span><\/p>\n<p><span style=\"font-weight: 400;\">Poich\u00e9 La Salle non disponeva di un\u2019autorizzazione a esistere come \u201cente\u201d, come organizzazione, con i propri insegnanti, ci\u00f2 generava un altro problema, poich\u00e9 aveva continuamente bisogno del sostegno di qualche parroco, di qualche vescovo o di qualche organizzazione che gli concedesse le autorizzazioni necessarie per poter operare.\u00a0<\/span><\/p>\n<p><span style=\"font-weight: 400;\">La Salle cerc\u00f2 diverse soluzioni in quel periodo, rivolgendosi ad altre comunit\u00e0 di sacerdoti che potessero sostenerlo, poich\u00e9 l\u2019altro problema \u2013 all\u2019origine della crisi che avrebbe vissuto \u2013 era legato al fatto che quella comunit\u00e0 fosse composta esclusivamente da laici e non avesse un sacerdote a capo. Per l\u2019ecclesiologia di quel tempo, ci\u00f2 era inconcepibile.\u00a0<\/span><\/p>\n<p><span style=\"font-weight: 400;\">Il culmine di questo problema deriv\u00f2 da due questioni particolari che lo portarono a subire il tradimento di alcuni suoi amici. Da un lato, una causa intentata dalla famiglia Clement: un giovane sacerdote aveva promesso parte della sua eredit\u00e0 per fondare un seminario di formazione per insegnanti, ma suo padre non glielo permise e intent\u00f2 una causa contro il Fondatore, nella quale un suo amico notaio, un certo Rogier, si schier\u00f2 dalla parte della famiglia Clement e non da quella di La Salle; ci\u00f2 gli caus\u00f2 un grave disagio e la sensazione di essere stato tradito.\u00a0<\/span><\/p>\n<p><span style=\"font-weight: 400;\">Lo stesso accadde a Fratel Vuyart, uno dei tre che avevano pronunciato insieme a La Salle il \u201cvoto eroico\u201d e che, nel corso di uno di quei processi, che il signor de La Salle stava perdendo per aver difeso l\u2019opera educativa a cui stava lavorando, decise di rinunciare al suo status di Fratello e di dichiarare di non avere alcun legame con il signor de La Salle.\u00a0<\/span><\/p>\n<p><span style=\"font-weight: 400;\">Tutti questi tradimenti lo portarono a convincersi che l\u2019ostacolo al progresso dell\u2019opera fosse proprio la sua persona. Cos\u00ec, nel 1712, decise di intraprendere un lungo viaggio verso il sud della Francia. L\u00ec c\u2019erano diverse comunit\u00e0 e opere che desiderava visitare, e inizi\u00f2 a farlo. Ma si scopr\u00ec che nel sud della Francia i giansenisti avevano acquisito una notevole influenza.\u00a0<\/span><\/p>\n<p><span style=\"font-weight: 400;\">Il sud della Francia, che fino a poco tempo prima era stato indipendente dal nord del Paese, oppose resistenza al re e al centralismo di Parigi che in un certo senso contagi\u00f2 la presenza di La Salle, il quale, del resto, manifestava costantemente il proprio anti-giansenismo.<\/span><\/p>\n<p><span style=\"font-weight: 400;\">Ci\u00f2 provoc\u00f2 rivolte da parte dei Fratelli e il loro rifiuto \u2013 in una comunit\u00e0, addirittura, non gli permisero di dormire in casa \u2013, problemi con i novizi, problemi con i sacerdoti, che a loro volta ne generarono altri con il vescovo.\u00a0<\/span><\/p>\n<p><span style=\"font-weight: 400;\">Insomma, una serie di inconvenienti che lo convinsero progressivamente che il problema fosse proprio lui. E lo assal\u00ec la tentazione di mettersi completamente in disparte da ci\u00f2 che aveva creato, di rinchiudersi in una certosa o di rifugiarsi in un eremo in un luogo chiamato Parmenie.\u00a0<\/span><\/p>\n<p><span style=\"font-weight: 400;\">Non bisogna pensare a questa crisi come a qualcosa che lo port\u00f2 all\u2019immobilismo, perch\u00e9 se nel 1703 c\u2019erano state 23 iniziative scolastiche, nel 1714 le iniziative erano gi\u00e0 53. Non tutte durarono a lungo; alcune ebbero vita breve. Ma lo slancio creativo di La Salle e dei suoi Fratelli continuava.<\/span><\/p>\n<p><span style=\"font-weight: 400;\">Nel contempo proseguiva anche la pubblicazione di libri. La Salle era una persona \u2018in cerca\u2019, non una persona statica. Durante tutta questa crisi, egli trover\u00e0 sostegno nella fede, nella convinzione che \u201cquesta \u00e8 l\u2019opera di Dio\u201d, per quanti dubbi potesse avere. E nell\u2019amore.\u00a0<\/span><\/p>\n<p><span style=\"font-weight: 400;\">Trover\u00e0 sostegno in Fratel Jean Jacort, nella sua comunit\u00e0 di Grenoble, nella presenza di una persona conosciuta e che, secondo lui, avrebbe potuto essere un grande Fratello, Fratel Ireneo, e in una donna che incontra sulla collina di Parmenie e che gli offre il suo appoggio, suor Louise. Sono proprio questi legami a sostenerlo: il rapporto con Dio e il rapporto con coloro che gli manifestavano il proprio aiuto.\u00a0<\/span><\/p>\n<p><span style=\"font-weight: 400;\">Infine, la lettera che i Fratelli di Parigi gli inviarono nel 1714 fin\u00ec per confermare non solo la sua appartenenza a questa comunit\u00e0, ma anche il suo ruolo di Padre. Ma questa \u00e8 gi\u00e0 un\u2019altra storia.<\/span><\/p>\n<\/div><div class=\"fusion-video fusion-youtube\" style=\"--awb-max-width:1000px;--awb-max-height:650px;--awb-align-self:center;--awb-width:100%;\"><div class=\"video-shortcode\"><div class=\"fluid-width-video-wrapper\" style=\"padding-top:65%;\" ><iframe title=\"YouTube video player 1\" src=\"https:\/\/www.youtube.com\/embed\/coojiupaSIM?wmode=transparent&autoplay=0\" width=\"1000\" height=\"650\" allowfullscreen allow=\"autoplay; clipboard-write; encrypted-media; gyroscope; picture-in-picture;\"><\/iframe><\/div><\/div><\/div><div class=\"fusion-text fusion-text-2\"><p><b><i>Nei prossimi episodi continueremo a condividere altri momenti significativi della vita e dell\u2019opera di San Giovanni Battista de La Salle. Potete trovarli su www.lasalle.org<\/i><\/b><b><i>\u00a0e sui nostri social network.<\/i><\/b><\/p>\n<\/div><\/div><\/div><\/div><\/div>\n","protected":false},"excerpt":{"rendered":"","protected":false},"author":12,"featured_media":124225,"comment_status":"closed","ping_status":"closed","sticky":false,"template":"","format":"standard","meta":{"_monsterinsights_skip_tracking":false,"footnotes":""},"categories":[3558,3822,3366,3794],"tags":[],"class_list":["post-126940","post","type-post","status-publish","format-standard","has-post-thumbnail","hentry","category-casa-generalizia-it","category-connessione-la-salle","category-notizie","category-risorse"],"_links":{"self":[{"href":"https:\/\/www.lasalle.org\/it\/wp-json\/wp\/v2\/posts\/126940","targetHints":{"allow":["GET"]}}],"collection":[{"href":"https:\/\/www.lasalle.org\/it\/wp-json\/wp\/v2\/posts"}],"about":[{"href":"https:\/\/www.lasalle.org\/it\/wp-json\/wp\/v2\/types\/post"}],"author":[{"embeddable":true,"href":"https:\/\/www.lasalle.org\/it\/wp-json\/wp\/v2\/users\/12"}],"replies":[{"embeddable":true,"href":"https:\/\/www.lasalle.org\/it\/wp-json\/wp\/v2\/comments?post=126940"}],"version-history":[{"count":3,"href":"https:\/\/www.lasalle.org\/it\/wp-json\/wp\/v2\/posts\/126940\/revisions"}],"predecessor-version":[{"id":126980,"href":"https:\/\/www.lasalle.org\/it\/wp-json\/wp\/v2\/posts\/126940\/revisions\/126980"}],"wp:featuredmedia":[{"embeddable":true,"href":"https:\/\/www.lasalle.org\/it\/wp-json\/wp\/v2\/media\/124225"}],"wp:attachment":[{"href":"https:\/\/www.lasalle.org\/it\/wp-json\/wp\/v2\/media?parent=126940"}],"wp:term":[{"taxonomy":"category","embeddable":true,"href":"https:\/\/www.lasalle.org\/it\/wp-json\/wp\/v2\/categories?post=126940"},{"taxonomy":"post_tag","embeddable":true,"href":"https:\/\/www.lasalle.org\/it\/wp-json\/wp\/v2\/tags?post=126940"}],"curies":[{"name":"wp","href":"https:\/\/api.w.org\/{rel}","templated":true}]}}