{"id":73270,"date":"2020-09-11T10:28:10","date_gmt":"2020-09-11T09:28:10","guid":{"rendered":"https:\/\/www.lasalle.org\/?p=73270"},"modified":"2020-09-11T10:59:53","modified_gmt":"2020-09-11T09:59:53","slug":"vietnam-inaugurazione-del-nuovo-dormitorio-a-dakmil","status":"publish","type":"post","link":"https:\/\/www.lasalle.org\/it\/vietnam-inaugurazione-del-nuovo-dormitorio-a-dakmil\/","title":{"rendered":"Vietnam &#8211; Inaugurazione del nuovo dormitorio a Dakmil"},"content":{"rendered":"<div class=\"pdfprnt-buttons pdfprnt-buttons-post pdfprnt-top-right\"><a href=\"https:\/\/www.lasalle.org\/it\/wp-json\/wp\/v2\/posts\/73270?print=pdf\" class=\"pdfprnt-button pdfprnt-button-pdf\" target=\"_blank\" ><img decoding=\"async\" src=\"https:\/\/www.lasalle.org\/wp-content\/plugins\/pdf-print\/images\/pdf.png\" alt=\"image_pdf\" title=\"Scarica il pdf\" \/><span class=\"pdfprnt-button-title pdfprnt-button-pdf-title\">PDF<\/span><\/a><a href=\"https:\/\/www.lasalle.org\/it\/wp-json\/wp\/v2\/posts\/73270?print=print\" class=\"pdfprnt-button pdfprnt-button-print\" target=\"_blank\" ><img decoding=\"async\" src=\"https:\/\/www.lasalle.org\/wp-content\/plugins\/pdf-print\/images\/print.png\" alt=\"image_print\" title=\"Stampa contenuto\" \/><span class=\"pdfprnt-button-title pdfprnt-button-print-title\">PRINT<\/span><\/a><\/div>\n<p><\/p>\n\n\n\n<p class=\"has-small-font-size\">Fr. Simon Thien<\/p>\n\n\n\n<div class=\"wp-block-image\"><figure class=\"alignright is-resized\"><img decoding=\"async\" src=\"https:\/\/www.lasalle.org\/wp-content\/uploads\/2020\/09\/H1.jpg\" alt=\"Questa immagine ha l'attributo alt vuoto; il nome del file \u00e8 H1.jpg\" width=\"320\" height=\"240\"\/><\/figure><\/div>\n\n\n\n<p>In Vietnam il numero di casi di infezione da coronavirus sta gradualmente crescendo. Per questa ragione, il 3 agosto 2020, la scuola lasalliana di Truong Vinh Ky a Dakmil \u00e8 stata inaugurata con solamente 30 persone. Presenti alla cerimonia il Visitatore Joseph Le Van Phuong, alcuni dei suoi consiglieri, il segretario e qualche Fratello, oltre ai membri della comunit\u00e0 di Vinh An Brother, la direzione della scuola e alcuni rappresentanti di insegnanti, genitori, ingegneri e lavoratori. [\u2026]<\/p>\n\n\n\n<div class=\"wp-block-image\"><figure class=\"alignleft is-resized\"><img decoding=\"async\" src=\"https:\/\/www.lasalle.org\/wp-content\/uploads\/2020\/09\/Inauguration-BoardingHouse-7-1369x1024.jpg\" alt=\"Questa immagine ha l'attributo alt vuoto; il nome del file \u00e8 Inauguration-BoardingHouse-7-1369x1024.jpg\" width=\"342\" height=\"256\"\/><\/figure><\/div>\n\n\n\n<p>A seguito di una breve preghiera liturgica in cui il parroco locale ha benedetto il nuovo edificio, [\u2026], il Visitatore, dopo rivolto un messaggio di ringraziamento a tutti i partecipanti [\u2026] per il dono ricevuto [\u2026], ha indicato tutti coloro che hanno contribuito alla realizzazione e al finanziamento dell\u2019intero progetto scolastico per la scuola di Dakmil. In modo particolare ha ricordato Fratel Amilcare Boccuccia e il suo staff del <a href=\"https:\/\/www.lasalle.org\/it\/animacion-y-gobierno\/secretariado-de-solidaridad-y-desarrollo\/blog-solidarieta-e-sviluppo\/\">Segretariato di Solidariet\u00e0 e Sviluppo di Roma<\/a>, tramite cui i Fratelli in Vietnam hanno ricevuto l&#8217;aiuto anche di alcune generose organizzazioni come: la <em>Conferenza Episcopale Italiana<\/em> (CEI), <em>The Lasallian Foundation<\/em> (Australia), <em>Porticus,<\/em> <em>Misean Cara,<\/em> <em>Noel<\/em> e la <em>Carmel O&#8217;Brien Family Foundation<\/em>, oltre ad altri donatori anonimi che fin dall\u2019inizio hanno sostenuto il progetto scolastico.<\/p>\n\n\n\n<p>[\u2026] Al termine dell\u2019incontro, il Fratello Visitatore ha invitato i dirigenti scolastici e tutta la comunit\u00e0 educativa, ad essere amministratori saggi e responsabili per il bene di tutti gli studenti, specialmente nell\u2019offrire un buon servizio ai poveri e alle minoranze.<\/p>\n\n\n\n<p class=\"has-cyan-bluish-gray-background-color has-background has-small-font-size\">Il Vietnam ha accolto, il 6 gennaio 1866, sei Fratelli francesi giunti nel Paese per iniziare la missione lasalliana. Tre giorni dopo, il 9 gennaio 1866, essi iniziarono a gestire la prima scuola a Sai Gon. La storia della famiglia lasalliana in Vietnam ha affrontato la sua pi\u00f9 grande sfida alla fine della Guerra nel 1975, quando tutte le scuole lasalliane vennero rilevate dal Governo. Il numero dei Fratelli crebbe lentamente grazie alla presenza attiva e al servizio verso i poveri. Attualmente ci sono 88 Fratelli nel Distretto, tra i quali, quasi 40 hanno meno di 40 anni. I Fratelli insegnano in 4 scuole, due di esse forniscono istruzione gratuita a tutti gli studenti. Oltre alla scuola, i Fratelli aiutano gli studenti con i convitti in molti luoghi dove esiste una comunit\u00e0. Circa 110 insegnanti laici condividono la missione lasalliana, oltre a tre Congregazioni femminili che contribuiscono con le loro Suore per le attivit\u00e0 didattiche. Ad oggi ci sono circa 2100 studenti, in scuole e convitti. Circa 600 studenti ricevono un&#8217;istruzione gratuita.<\/p>\n\n\n\n<hr class=\"wp-block-separator\"\/>\n\n\n\n<p class=\"has-large-font-size\"><strong>Sud Sudan &#8211; Una nuova residenza per gli insegnanti<\/strong><\/p>\n\n\n\n<div class=\"wp-block-image\"><figure class=\"alignright is-resized\"><img decoding=\"async\" src=\"https:\/\/www.lasalle.org\/wp-content\/uploads\/2020\/09\/De-La-Salle-Brothers-South-Sudan_La-Salle-School-Rumbek-2.jpg\" alt=\"Questa immagine ha l'attributo alt vuoto; il nome del file \u00e8 De-La-Salle-Brothers-South-Sudan_La-Salle-School-Rumbek-2.jpg\" width=\"259\" height=\"195\"\/><\/figure><\/div>\n\n\n\n<p>Tra le nostre nuove scuole ricordiamo anche <em>La Salle School-Rumbek<\/em>, in Sud Sudan, dove continuano i lavori per ultimarne la costruzione.<\/p>\n\n\n\n<p>Nonostante la chiusura dovuta al diffondersi del coronavirus, \u00e8 stato possibile continuare i lavori per la costruzione della mensa scolastica, realizzata grazie all\u2019aiuto di <em>Caritas Pro Vitae Gradu<\/em>. Anche i prodotti della terra intorno la scuola, messa a coltura di cereali e alberi da frutto, riforniranno la mensa.<\/p>\n\n\n\n<p>Per poter ospitare un numero maggiore di insegnanti, sono in costruzione dei nuovi alloggi che, sommandosi a quelli gi\u00e0 esistenti, permetteranno di ospitare 18 docenti.<\/p>\n\n\n\n<p class=\"has-cyan-bluish-gray-background-color has-background has-small-font-size\">La missione Lasalliana \u00e8 presente in Sud Sudan gi\u00e0 dal 2008 grazie alla presenza di comunit\u00e0 inter religiose all\u2019interno del programma \u201cSolidarity with South Sudan\u201d. La prima comunit\u00e0 indipendente \u00e8 stata formata nel 2018, con la costruzione della La Salle School-Rumbek, che oggi conta 153 iscritti.<\/p>\n","protected":false},"excerpt":{"rendered":"<p> Fr. Simon Thien In Vietnam il numero di casi  [&#8230;]<\/p>\n","protected":false},"author":9,"featured_media":73287,"comment_status":"closed","ping_status":"closed","sticky":false,"template":"","format":"standard","meta":{"_tec_requires_first_save":true,"_monsterinsights_skip_tracking":false,"_monsterinsights_sitenote_active":false,"_monsterinsights_sitenote_note":"","_monsterinsights_sitenote_category":0,"_EventAllDay":false,"_EventTimezone":"","_EventStartDate":"","_EventEndDate":"","_EventStartDateUTC":"","_EventEndDateUTC":"","_EventShowMap":false,"_EventShowMapLink":false,"_EventURL":"","_EventCost":"","_EventCostDescription":"","_EventCurrencySymbol":"","_EventCurrencyCode":"","_EventCurrencyPosition":"","_EventDateTimeSeparator":"","_EventTimeRangeSeparator":"","_EventOrganizerID":[],"_EventVenueID":[],"_OrganizerEmail":"","_OrganizerPhone":"","_OrganizerWebsite":"","_VenueAddress":"","_VenueCity":"","_VenueCountry":"","_VenueProvince":"","_VenueState":"","_VenueZip":"","_VenuePhone":"","_VenueURL":"","_VenueStateProvince":"","_VenueLat":"","_VenueLng":"","_VenueShowMap":false,"_VenueShowMapLink":false,"_tribe_blocks_recurrence_rules":"","_tribe_blocks_recurrence_description":"","_tribe_blocks_recurrence_exclusions":"","footnotes":""},"categories":[3293,3366,3446,3464,3290],"tags":[],"class_list":["post-73270","post","type-post","status-publish","format-standard","has-post-thumbnail","hentry","category-la-salle-foundation","category-notizie","category-parc-it","category-relaf-it","category-ufficio-solidarieta-e-sviluppo"],"_links":{"self":[{"href":"https:\/\/www.lasalle.org\/it\/wp-json\/wp\/v2\/posts\/73270","targetHints":{"allow":["GET"]}}],"collection":[{"href":"https:\/\/www.lasalle.org\/it\/wp-json\/wp\/v2\/posts"}],"about":[{"href":"https:\/\/www.lasalle.org\/it\/wp-json\/wp\/v2\/types\/post"}],"author":[{"embeddable":true,"href":"https:\/\/www.lasalle.org\/it\/wp-json\/wp\/v2\/users\/9"}],"replies":[{"embeddable":true,"href":"https:\/\/www.lasalle.org\/it\/wp-json\/wp\/v2\/comments?post=73270"}],"version-history":[{"count":2,"href":"https:\/\/www.lasalle.org\/it\/wp-json\/wp\/v2\/posts\/73270\/revisions"}],"predecessor-version":[{"id":73272,"href":"https:\/\/www.lasalle.org\/it\/wp-json\/wp\/v2\/posts\/73270\/revisions\/73272"}],"wp:featuredmedia":[{"embeddable":true,"href":"https:\/\/www.lasalle.org\/it\/wp-json\/wp\/v2\/media\/73287"}],"wp:attachment":[{"href":"https:\/\/www.lasalle.org\/it\/wp-json\/wp\/v2\/media?parent=73270"}],"wp:term":[{"taxonomy":"category","embeddable":true,"href":"https:\/\/www.lasalle.org\/it\/wp-json\/wp\/v2\/categories?post=73270"},{"taxonomy":"post_tag","embeddable":true,"href":"https:\/\/www.lasalle.org\/it\/wp-json\/wp\/v2\/tags?post=73270"}],"curies":[{"name":"wp","href":"https:\/\/api.w.org\/{rel}","templated":true}]}}