{"id":76421,"date":"2021-02-18T12:16:25","date_gmt":"2021-02-18T11:16:25","guid":{"rendered":"https:\/\/www.lasalle.org\/?p=76421"},"modified":"2021-02-18T12:17:36","modified_gmt":"2021-02-18T11:17:36","slug":"la-salle-per-beirut","status":"publish","type":"post","link":"https:\/\/www.lasalle.org\/it\/la-salle-per-beirut\/","title":{"rendered":"La Salle per Beirut!"},"content":{"rendered":"<div class=\"pdfprnt-buttons pdfprnt-buttons-post pdfprnt-top-right\"><a href=\"https:\/\/www.lasalle.org\/it\/wp-json\/wp\/v2\/posts\/76421?print=pdf\" class=\"pdfprnt-button pdfprnt-button-pdf\" target=\"_blank\" ><img decoding=\"async\" src=\"https:\/\/www.lasalle.org\/wp-content\/plugins\/pdf-print\/images\/pdf.png\" alt=\"image_pdf\" title=\"Scarica il pdf\" \/><span class=\"pdfprnt-button-title pdfprnt-button-pdf-title\">PDF<\/span><\/a><a href=\"https:\/\/www.lasalle.org\/it\/wp-json\/wp\/v2\/posts\/76421?print=print\" class=\"pdfprnt-button pdfprnt-button-print\" target=\"_blank\" ><img decoding=\"async\" src=\"https:\/\/www.lasalle.org\/wp-content\/plugins\/pdf-print\/images\/print.png\" alt=\"image_print\" title=\"Stampa contenuto\" \/><span class=\"pdfprnt-button-title pdfprnt-button-print-title\">PRINT<\/span><\/a><\/div>\n<p><\/p>\n\n\n\n<p>Ce l\u2019abbiamo fatta grazia al vostro aiuto!<\/p>\n\n\n\n<p>Il 5 agosto 2020, il Segretariato di Solidariet\u00e0 e lo Sviluppo, attraverso il suo strumento legale, la Fondazione De La Salle Solidariet\u00e0 Internazionale ONLUS, ha lanciato un appello di emergenza per ricostruire le Scuole Lasalliane di Beirut e per aiutare le famiglie in difficolt\u00e0 a causa dell&#8217;esplosione.<\/p>\n\n\n\n<p>Grazie alle vostre donazioni abbiamo raccolto 1.806.678,97 dollari statunitensi!<\/p>\n\n\n\n<p>I nostri centri educativi sono stati ristrutturati e gli studenti possono ora frequentare le lezioni con la didattica a distanza, in conformit\u00e0 con le disposizioni nazionali per il COVID-19.<\/p>\n\n\n\n<p>Il Coll\u00e8ge Notre Dame e l&#8217;\u00c9cole Saint Vincent de Paul sono stati ricostruiti, mentre a causa del confinamento per il COVID-19, alcuni lavori di ristrutturazione del Coll\u00e8ge Sacr\u00e9-C\u0153ur subiranno dei ritardi, ma la scuola \u00e8 gi\u00e0 pronta per riprendere le lezioni in presenza quando sar\u00e0 possibile.<\/p>\n\n\n\n<p>Guardate cosa abbiamo potuto realizzare insieme al Coll\u00e8ge Sacr\u00e9-Coeur, il nostro centro educativo pi\u00f9 colpito dall&#8217;esplosione.<\/p>\n\n\n\n<figure class=\"wp-block-image size-large\"><img decoding=\"async\" width=\"595\" height=\"595\" src=\"https:\/\/www.lasalle.org\/wp-content\/uploads\/2021\/02\/2021_newsletter2.jpg\" alt=\"\" class=\"wp-image-76406\" srcset=\"https:\/\/www.lasalle.org\/wp-content\/uploads\/2021\/02\/2021_newsletter2-150x150.jpg 150w, https:\/\/www.lasalle.org\/wp-content\/uploads\/2021\/02\/2021_newsletter2-300x300.jpg 300w, https:\/\/www.lasalle.org\/wp-content\/uploads\/2021\/02\/2021_newsletter2.jpg 595w\" sizes=\"(max-width: 595px) 100vw, 595px\" \/><\/figure>\n\n\n\n<figure class=\"wp-block-image size-large\"><img decoding=\"async\" width=\"595\" height=\"595\" src=\"https:\/\/www.lasalle.org\/wp-content\/uploads\/2021\/02\/2021_newsletter3.jpg\" alt=\"\" class=\"wp-image-76410\" srcset=\"https:\/\/www.lasalle.org\/wp-content\/uploads\/2021\/02\/2021_newsletter3-150x150.jpg 150w, https:\/\/www.lasalle.org\/wp-content\/uploads\/2021\/02\/2021_newsletter3-300x300.jpg 300w, https:\/\/www.lasalle.org\/wp-content\/uploads\/2021\/02\/2021_newsletter3.jpg 595w\" sizes=\"(max-width: 595px) 100vw, 595px\" \/><\/figure>\n\n\n\n<p>Continua ad aiutare i nostri studenti e le loro famiglie!<\/p>\n\n\n\n<p>Tutte le future donazioni saranno destinate a un fondo borse di studio per aiutare gli studenti le cui famiglie sono state finanziariamente impoverite dall&#8217;esplosione.<\/p>\n\n\n\n<p><strong>Informazioni per i bonifici bancari in euro:<\/strong><\/p>\n\n\n\n<p>Nome della banca: Banca Popolare di Sondrio<br>Indirizzo della Banca: Via Baldo degli Ubaldi 267 00167 Roma (RM)<br>Titolare del conto: De La Salle Solidariet\u00e0 Internazionale &#8211; ONLUS<br>Indirizzo del Titolare del conto: Via Aurelia 476, 00165 Roma (RM)<br>Numero di conto: 7241X70<br>Codice IBAN: IT52 R056 9603 2070 00007241X70<br>Codice BIC o SWIFT: POSOIT22XXX<\/p>\n\n\n\n<p><strong>Informazioni per i bonifici bancari in dollari USA:<\/strong><\/p>\n\n\n\n<p>Nome della Banca: Banca Popolare di Sondrio<br>Indirizzo della Banca: Via Baldo degli Ubaldi 267 00167 Roma (RM)<br>Titolare del conto: De La Salle Solidariet\u00e0 Internazionale &#8211; ONLUS<br>Indirizzo del Titolare del conto: Via Aurelia 476, 00165 Roma (RM)<br>Numero di conto: 096-0007241-VAR-USD<br>Codice IBAN: IT10 M056 9603 207V ARUS 0007 241<br>Codice BIC o SWIFT: POSOIT22XXX<\/p>\n","protected":false},"excerpt":{"rendered":"<p> Ce l\u2019abbiamo fatta grazia al vostro aiuto! Il 5  [&#8230;]<\/p>\n","protected":false},"author":9,"featured_media":76414,"comment_status":"closed","ping_status":"closed","sticky":false,"template":"","format":"standard","meta":{"_tec_requires_first_save":true,"_monsterinsights_skip_tracking":false,"_monsterinsights_sitenote_active":false,"_monsterinsights_sitenote_note":"","_monsterinsights_sitenote_category":0,"_EventAllDay":false,"_EventTimezone":"","_EventStartDate":"","_EventEndDate":"","_EventStartDateUTC":"","_EventEndDateUTC":"","_EventShowMap":false,"_EventShowMapLink":false,"_EventURL":"","_EventCost":"","_EventCostDescription":"","_EventCurrencySymbol":"","_EventCurrencyCode":"","_EventCurrencyPosition":"","_EventDateTimeSeparator":"","_EventTimeRangeSeparator":"","_EventOrganizerID":[],"_EventVenueID":[],"_OrganizerEmail":"","_OrganizerPhone":"","_OrganizerWebsite":"","_VenueAddress":"","_VenueCity":"","_VenueCountry":"","_VenueProvince":"","_VenueState":"","_VenueZip":"","_VenuePhone":"","_VenueURL":"","_VenueStateProvince":"","_VenueLat":"","_VenueLng":"","_VenueShowMap":false,"_VenueShowMapLink":false,"_tribe_blocks_recurrence_rules":"","_tribe_blocks_recurrence_description":"","_tribe_blocks_recurrence_exclusions":"","footnotes":""},"categories":[3293,3530,3290],"tags":[],"class_list":["post-76421","post","type-post","status-publish","format-standard","has-post-thumbnail","hentry","category-la-salle-foundation","category-relem-it","category-ufficio-solidarieta-e-sviluppo"],"_links":{"self":[{"href":"https:\/\/www.lasalle.org\/it\/wp-json\/wp\/v2\/posts\/76421","targetHints":{"allow":["GET"]}}],"collection":[{"href":"https:\/\/www.lasalle.org\/it\/wp-json\/wp\/v2\/posts"}],"about":[{"href":"https:\/\/www.lasalle.org\/it\/wp-json\/wp\/v2\/types\/post"}],"author":[{"embeddable":true,"href":"https:\/\/www.lasalle.org\/it\/wp-json\/wp\/v2\/users\/9"}],"replies":[{"embeddable":true,"href":"https:\/\/www.lasalle.org\/it\/wp-json\/wp\/v2\/comments?post=76421"}],"version-history":[{"count":1,"href":"https:\/\/www.lasalle.org\/it\/wp-json\/wp\/v2\/posts\/76421\/revisions"}],"predecessor-version":[{"id":76422,"href":"https:\/\/www.lasalle.org\/it\/wp-json\/wp\/v2\/posts\/76421\/revisions\/76422"}],"wp:featuredmedia":[{"embeddable":true,"href":"https:\/\/www.lasalle.org\/it\/wp-json\/wp\/v2\/media\/76414"}],"wp:attachment":[{"href":"https:\/\/www.lasalle.org\/it\/wp-json\/wp\/v2\/media?parent=76421"}],"wp:term":[{"taxonomy":"category","embeddable":true,"href":"https:\/\/www.lasalle.org\/it\/wp-json\/wp\/v2\/categories?post=76421"},{"taxonomy":"post_tag","embeddable":true,"href":"https:\/\/www.lasalle.org\/it\/wp-json\/wp\/v2\/tags?post=76421"}],"curies":[{"name":"wp","href":"https:\/\/api.w.org\/{rel}","templated":true}]}}