{"id":84280,"date":"2022-01-20T08:49:20","date_gmt":"2022-01-20T07:49:20","guid":{"rendered":"https:\/\/www.lasalle.org\/?p=84280"},"modified":"2022-01-26T14:53:17","modified_gmt":"2022-01-26T13:53:17","slug":"candidati-per-i-nostri-progetti-di-servizio-civile-in-italia-e-allestero","status":"publish","type":"post","link":"https:\/\/www.lasalle.org\/it\/candidati-per-i-nostri-progetti-di-servizio-civile-in-italia-e-allestero\/","title":{"rendered":"Candidati per i nostri progetti di servizio civile in Italia e all\u2019estero!"},"content":{"rendered":"<div class=\"pdfprnt-buttons pdfprnt-buttons-post pdfprnt-top-right\"><a href=\"https:\/\/www.lasalle.org\/it\/wp-json\/wp\/v2\/posts\/84280?print=pdf\" class=\"pdfprnt-button pdfprnt-button-pdf\" target=\"_blank\" ><img decoding=\"async\" src=\"https:\/\/www.lasalle.org\/wp-content\/plugins\/pdf-print\/images\/pdf.png\" alt=\"image_pdf\" title=\"Scarica il pdf\" \/><span class=\"pdfprnt-button-title pdfprnt-button-pdf-title\">PDF<\/span><\/a><a href=\"https:\/\/www.lasalle.org\/it\/wp-json\/wp\/v2\/posts\/84280?print=print\" class=\"pdfprnt-button pdfprnt-button-print\" target=\"_blank\" ><img decoding=\"async\" src=\"https:\/\/www.lasalle.org\/wp-content\/plugins\/pdf-print\/images\/print.png\" alt=\"image_print\" title=\"Stampa contenuto\" \/><span class=\"pdfprnt-button-title pdfprnt-button-print-title\">PRINT<\/span><\/a><\/div><div class=\"fusion-fullwidth fullwidth-box fusion-builder-row-1 fusion-flex-container nonhundred-percent-fullwidth non-hundred-percent-height-scrolling\" style=\"--awb-border-radius-top-left:0px;--awb-border-radius-top-right:0px;--awb-border-radius-bottom-right:0px;--awb-border-radius-bottom-left:0px;--awb-flex-wrap:wrap;\" ><div class=\"fusion-builder-row fusion-row fusion-flex-align-items-flex-start fusion-flex-content-wrap\" style=\"max-width:1248px;margin-left: calc(-4% \/ 2 );margin-right: calc(-4% \/ 2 );\"><div class=\"fusion-layout-column fusion_builder_column fusion-builder-column-0 fusion_builder_column_1_1 1_1 fusion-flex-column\" style=\"--awb-bg-size:cover;--awb-width-large:100%;--awb-margin-top-large:0px;--awb-spacing-right-large:1.92%;--awb-margin-bottom-large:0px;--awb-spacing-left-large:1.92%;--awb-width-medium:100%;--awb-spacing-right-medium:1.92%;--awb-spacing-left-medium:1.92%;--awb-width-small:100%;--awb-spacing-right-small:1.92%;--awb-spacing-left-small:1.92%;\"><div class=\"fusion-column-wrapper fusion-flex-justify-content-flex-start fusion-content-layout-column\"><div class=\"fusion-separator fusion-full-width-sep\" style=\"align-self: center;margin-left: auto;margin-right: auto;width:100%;\"><div class=\"fusion-separator-border sep-single sep-solid\" style=\"--awb-height:20px;--awb-amount:20px;border-color:#e0dede;border-top-width:1px;\"><\/div><\/div><div class=\"fusion-text fusion-text-1\" style=\"--awb-text-transform:none;\"><p><a href=\"https:\/\/www.lasalle.org\/wp-content\/uploads\/2022\/01\/Servizio-Civile-Universale_Italia_Estero_cmpr.pdf\" target=\"_blank\" rel=\"noopener\">Servizio Civile Universale Italia_Estero<\/a><\/p>\n<\/div><div class=\"fusion-separator fusion-full-width-sep\" style=\"align-self: center;margin-left: auto;margin-right: auto;width:100%;\"><div class=\"fusion-separator-border sep-single sep-solid\" style=\"--awb-height:20px;--awb-amount:20px;border-color:#e0dede;border-top-width:1px;\"><\/div><\/div><div class=\"fusion-text fusion-text-2\" style=\"--awb-text-transform:none;\"><p>Sei un cittadino europeo tra i 18 e i 28 anni? Parli italiano?<\/p>\n<p>Hai voglia di metterti in gioco e lavorare per un anno con bambini, bambine e adolescenti che vivono in contesti di fragilit\u00e0? Candidati per uno dei progetti di servizio civile promossi dalla Fondazione De La Salle Solidariet\u00e0 Internazionale ONLUS insieme alle comunit\u00e0 Lasalliane di Bolivia, Peru e Italia.<\/p>\n<p>Hai tempo fino alle ore 14:00 del 10 febbraio !<br \/>\nPer qualsiasi informazione contatta la nostra coordinatrice internazionale del Volontariato Eleonora Munaretto: <a href=\"mailto:emunaretto@lasalle.org\">emunaretto@lasalle.org<\/a><\/p>\n<p><strong>BOLIVIA<\/strong>: cerchiamo tre volontari per la realizzazione di un programma per migliorare le condizioni igienico-ambientali della popolazione di Cochabamba, in particolare quella rurale, attraverso la promozione di pratiche sostenibili come orti urbani, sistemi di compostaggio, reti idriche e attivit\u00e0 di sensibilizzazione e formazione per bambini e adulti.<\/p>\n<p><strong>PERU<\/strong>: cerchiamo due volontari che supportino il programma di sensibilizzazione sui diritti dell\u2019infanzia rivolto a insegnanti, genitori e studenti delle nostre scuole, attraverso sessioni di formazione, laboratori e attivit\u00e0 ludico-ricreative.<\/p>\n<p><strong>ITALIA<\/strong>: cerchiamo un totale di 10 volontari per le nostre sedi presso: il centro di aggregazione giovanile di Regalbuto, Sicilia; il Doposcuola Contardo Ferrini di Torino; la Cooperativa La Salle a Genova; Istituti Filippin a Pieve del Grappa, Veneto. Ti piace impegnarti nell&#8217;ambito dell&#8217;educazione e animazione giovanile? Ti piacciono le attivit\u00e0 ricreative, i laboratori pratici e lo sport? Allora questi progetti fanno per te!<\/p>\n<\/div><div class=\"fusion-separator fusion-full-width-sep\" style=\"align-self: center;margin-left: auto;margin-right: auto;width:100%;\"><div class=\"fusion-separator-border sep-single sep-solid\" style=\"--awb-height:20px;--awb-amount:20px;border-color:#e0dede;border-top-width:1px;\"><\/div><\/div><div class=\"fusion-text fusion-text-3\" style=\"--awb-text-transform:none;\"><p><a href=\"https:\/\/www.lasalle.org\/wp-content\/uploads\/2022\/01\/Servizio-Civile-Universale_Italia_Estero_cmpr.pdf\" target=\"_blank\" rel=\"noopener\">Servizio Civile Universale Italia_Estero<\/a><\/p>\n<\/div><\/div><\/div><\/div><\/div>\n","protected":false},"excerpt":{"rendered":"","protected":false},"author":9,"featured_media":84292,"comment_status":"closed","ping_status":"closed","sticky":false,"template":"","format":"standard","meta":{"_tec_requires_first_save":true,"_monsterinsights_skip_tracking":false,"_monsterinsights_sitenote_active":false,"_monsterinsights_sitenote_note":"","_monsterinsights_sitenote_category":0,"_EventAllDay":false,"_EventTimezone":"","_EventStartDate":"","_EventEndDate":"","_EventStartDateUTC":"","_EventEndDateUTC":"","_EventShowMap":false,"_EventShowMapLink":false,"_EventURL":"","_EventCost":"","_EventCostDescription":"","_EventCurrencySymbol":"","_EventCurrencyCode":"","_EventCurrencyPosition":"","_EventDateTimeSeparator":"","_EventTimeRangeSeparator":"","_EventOrganizerID":[],"_EventVenueID":[],"_OrganizerEmail":"","_OrganizerPhone":"","_OrganizerWebsite":"","_VenueAddress":"","_VenueCity":"","_VenueCountry":"","_VenueProvince":"","_VenueState":"","_VenueZip":"","_VenuePhone":"","_VenueURL":"","_VenueStateProvince":"","_VenueLat":"","_VenueLng":"","_VenueShowMap":false,"_VenueShowMapLink":false,"_tribe_blocks_recurrence_rules":"","_tribe_blocks_recurrence_description":"","_tribe_blocks_recurrence_exclusions":"","footnotes":""},"categories":[3293,3366,3290],"tags":[],"class_list":["post-84280","post","type-post","status-publish","format-standard","has-post-thumbnail","hentry","category-la-salle-foundation","category-notizie","category-ufficio-solidarieta-e-sviluppo"],"_links":{"self":[{"href":"https:\/\/www.lasalle.org\/it\/wp-json\/wp\/v2\/posts\/84280","targetHints":{"allow":["GET"]}}],"collection":[{"href":"https:\/\/www.lasalle.org\/it\/wp-json\/wp\/v2\/posts"}],"about":[{"href":"https:\/\/www.lasalle.org\/it\/wp-json\/wp\/v2\/types\/post"}],"author":[{"embeddable":true,"href":"https:\/\/www.lasalle.org\/it\/wp-json\/wp\/v2\/users\/9"}],"replies":[{"embeddable":true,"href":"https:\/\/www.lasalle.org\/it\/wp-json\/wp\/v2\/comments?post=84280"}],"version-history":[{"count":4,"href":"https:\/\/www.lasalle.org\/it\/wp-json\/wp\/v2\/posts\/84280\/revisions"}],"predecessor-version":[{"id":84389,"href":"https:\/\/www.lasalle.org\/it\/wp-json\/wp\/v2\/posts\/84280\/revisions\/84389"}],"wp:featuredmedia":[{"embeddable":true,"href":"https:\/\/www.lasalle.org\/it\/wp-json\/wp\/v2\/media\/84292"}],"wp:attachment":[{"href":"https:\/\/www.lasalle.org\/it\/wp-json\/wp\/v2\/media?parent=84280"}],"wp:term":[{"taxonomy":"category","embeddable":true,"href":"https:\/\/www.lasalle.org\/it\/wp-json\/wp\/v2\/categories?post=84280"},{"taxonomy":"post_tag","embeddable":true,"href":"https:\/\/www.lasalle.org\/it\/wp-json\/wp\/v2\/tags?post=84280"}],"curies":[{"name":"wp","href":"https:\/\/api.w.org\/{rel}","templated":true}]}}