{"id":86538,"date":"2022-05-18T09:26:24","date_gmt":"2022-05-18T08:26:24","guid":{"rendered":"https:\/\/www.lasalle.org\/?p=86538"},"modified":"2022-05-18T09:26:25","modified_gmt":"2022-05-18T08:26:25","slug":"86520","status":"publish","type":"post","link":"https:\/\/www.lasalle.org\/it\/86520\/","title":{"rendered":"Elezione del nuovo Superiore Generale dei Fratelli delle Scuole Cristiane"},"content":{"rendered":"<div class=\"pdfprnt-buttons pdfprnt-buttons-post pdfprnt-top-right\"><a href=\"https:\/\/www.lasalle.org\/it\/wp-json\/wp\/v2\/posts\/86538?print=pdf\" class=\"pdfprnt-button pdfprnt-button-pdf\" target=\"_blank\" ><img decoding=\"async\" src=\"https:\/\/www.lasalle.org\/wp-content\/plugins\/pdf-print\/images\/pdf.png\" alt=\"image_pdf\" title=\"Scarica il pdf\" \/><span class=\"pdfprnt-button-title pdfprnt-button-pdf-title\">PDF<\/span><\/a><a href=\"https:\/\/www.lasalle.org\/it\/wp-json\/wp\/v2\/posts\/86538?print=print\" class=\"pdfprnt-button pdfprnt-button-print\" target=\"_blank\" ><img decoding=\"async\" src=\"https:\/\/www.lasalle.org\/wp-content\/plugins\/pdf-print\/images\/print.png\" alt=\"image_print\" title=\"Stampa contenuto\" \/><span class=\"pdfprnt-button-title pdfprnt-button-print-title\">PRINT<\/span><\/a><\/div><div class=\"fusion-fullwidth fullwidth-box fusion-builder-row-1 fusion-flex-container nonhundred-percent-fullwidth non-hundred-percent-height-scrolling\" style=\"--awb-border-radius-top-left:0px;--awb-border-radius-top-right:0px;--awb-border-radius-bottom-right:0px;--awb-border-radius-bottom-left:0px;--awb-flex-wrap:wrap;\" ><div class=\"fusion-builder-row fusion-row fusion-flex-align-items-flex-start fusion-flex-content-wrap\" style=\"max-width:1248px;margin-left: calc(-4% \/ 2 );margin-right: calc(-4% \/ 2 );\"><div class=\"fusion-layout-column fusion_builder_column fusion-builder-column-0 fusion_builder_column_1_1 1_1 fusion-flex-column\" style=\"--awb-bg-size:cover;--awb-width-large:100%;--awb-margin-top-large:0px;--awb-spacing-right-large:1.92%;--awb-margin-bottom-large:0px;--awb-spacing-left-large:1.92%;--awb-width-medium:100%;--awb-spacing-right-medium:1.92%;--awb-spacing-left-medium:1.92%;--awb-width-small:100%;--awb-spacing-right-small:1.92%;--awb-spacing-left-small:1.92%;\"><div class=\"fusion-column-wrapper fusion-flex-justify-content-flex-start fusion-content-layout-column\"><div class=\"fusion-text fusion-text-1\" style=\"--awb-text-transform:none;\"><p>Il 18 maggio 2022, durante il 46\u00b0 Capitolo Generale dei Fratelli delle Scuole Cristiane, l\u2019Assemblea di 70 Fratelli Capitolari, riunita nell\u2019Aula Magna della Casa Generalizia di Roma, ha eletto Fr. Armin Luistro 28\u00b0 Superiore Generale dell\u2019Istituto.<\/p>\n<p>L\u2019elezione arriva dopo otto anni (sette quelli previsti dalla Regola dell\u2019Istituto, ma uno in pi\u00f9 a causa della pandemia) dalla nomina del precedente Governo, avvenuta nel 2014, sempre a Roma.<\/p>\n<p>Il Superiore Generale \u00e8 stato votato, dai 70 Fratelli Capitolari, in assoluto silenzio. Nel momento in cui \u00e8 stato pronunciato il nome del prescelto, tutti i Fratelli presenti in Aula, e coloro che non avendo diritto di voto erano stati invitati ad uscire dalla Sala, sono potuti rientrare a congratularsi con il nuovo eletto Superiore Generale. Ad accompagnare il solenne momento, le campane del Santuario della Casa Generalizia hanno suonato a festa per alcuni minuti.<\/p>\n<p>A conclusione della giornata, il nuovo Superiore Generale, accompagnato dai Fratelli e da tutti i collaboratori della Casa Generalizia si \u00e8 recato al Santuario per pregare davanti alle reliquie del Fondatore, Giovanni Battista De La Salle.<\/p>\n<\/div><div class=\"fusion-separator fusion-full-width-sep\" style=\"align-self: center;margin-left: auto;margin-right: auto;width:100%;\"><div class=\"fusion-separator-border sep-double sep-solid\" style=\"--awb-height:20px;--awb-amount:20px;border-color:#e0dede;border-top-width:1px;border-bottom-width:1px;\"><\/div><\/div><div class=\"fusion-text fusion-text-2\" style=\"--awb-text-transform:none;\"><p>Fratel Armin Altamirano Luistro, FSC, nasce il 24 dicembre 1961. Luistro \u00e8 entrato nello Scolasticato de La Salle (il centro di formazione accademica dei Fratelli delle Scuole Cristiane) a Manila nell&#8217;aprile 1979, mentre studiava all&#8217;Universit\u00e0 de La Salle (DLSU).<\/p>\n<p>Ha ricevuto l&#8217;abito religioso nell&#8217;ottobre 1981, ha professato i primi voti religiosi nell&#8217;ottobre 1982 e i voti definitivi nel maggio 1988.<\/p>\n<p>Fr. Armin ha iniziato la sua professione di insegnante al De La Salle Lipa di Batangas, dove ha lavorato come insegnante di religione, consigliere di classe e ministro del campus dal 1983 al 1986.<\/p>\n<p>Il 26 agosto 2000, Fr. Armin ha co-fondato con Josef Suwatan, vescovo cattolico di Manado, l&#8217;Universit\u00e0 Cattolica De La Salle di Manado, attualmente nota come De La Salle University, in Indonesia.<\/p>\n<p>Fr. Armin porta con s\u00e9 oltre 34 anni di esperienza sia nel settore privato che in quello pubblico. \u00c8 stato Segretario del Dipartimento dell&#8217;Istruzione dal giugno 2010 al 2016. In precedenza, \u00e8 stato alla guida dell&#8217;Universit\u00e0 De La Salle, di cui \u00e8 stato Presidente dall&#8217;aprile 2004 al giugno 2010.<\/p>\n<p>Negli anni precedenti \u00e8 stato anche Presidente del Sistema Universitario De La Salle e di diverse altre scuole La Salle. Dal 2017 al 2019 \u00e8 tornato a ricoprire il ruolo di Presidente del De La Salle Philippines, la rete di scuole La Salle del Paese. Attualmente \u00e8 membro del consiglio di amministrazione del Philippine Business for Social Progress (PBSP), la pi\u00f9 grande organizzazione non governativa guidata dalle imprese del Paese. Nel maggio 2019 \u00e8 stato nominato Fratello Visitatore del Distretto Lasalliano dell&#8217;Asia Orientale.<\/p>\n<p>Fr. Armin ha svolto anche diverse funzioni in altre organizzazioni governative e intergovernative, come per esempio il Consiglio consultivo della Commissione Nazionale della Giovent\u00f9 (NYC), la Commissione Nazionale UNESCO delle Filippine e l&#8217;Organizzazione dei Ministri dell&#8217;Educazione del Sud-Est Asiatico (SEAMEO).<\/p>\n<p>\u00c8 stato anche membro attivo del Consiglio filippino per la certificazione delle ONG (PCNC), della Knowledge Channel Foundation, della Philippine Business for Education (PBEd) e della Sidhay Foundation for Street Children.<\/p>\n<p>Fr. Armin ha anche conseguito un dottorato in Gestione dell&#8217;Educazione presso l&#8217;Universit\u00e0 di Saint La Salle a Bacolod e un Master in Educazione Religiosa e Valori presso l&#8217;Universit\u00e0 De La Salle di Manila. Ha conseguito il Bachelor of Arts in Filosofia e Lettere sempre presso l&#8217;Universit\u00e0 De La Salle.<\/p>\n<\/div><\/div><\/div><\/div><\/div>\n","protected":false},"excerpt":{"rendered":"","protected":false},"author":9,"featured_media":86582,"comment_status":"closed","ping_status":"closed","sticky":false,"template":"","format":"standard","meta":{"_tec_requires_first_save":true,"_monsterinsights_skip_tracking":false,"_monsterinsights_sitenote_active":false,"_monsterinsights_sitenote_note":"","_monsterinsights_sitenote_category":0,"_EventAllDay":false,"_EventTimezone":"","_EventStartDate":"","_EventEndDate":"","_EventStartDateUTC":"","_EventEndDateUTC":"","_EventShowMap":false,"_EventShowMapLink":false,"_EventURL":"","_EventCost":"","_EventCostDescription":"","_EventCurrencySymbol":"","_EventCurrencyCode":"","_EventCurrencyPosition":"","_EventDateTimeSeparator":"","_EventTimeRangeSeparator":"","_EventOrganizerID":[],"_EventVenueID":[],"_OrganizerEmail":"","_OrganizerPhone":"","_OrganizerWebsite":"","_VenueAddress":"","_VenueCity":"","_VenueCountry":"","_VenueProvince":"","_VenueState":"","_VenueZip":"","_VenuePhone":"","_VenueURL":"","_VenueStateProvince":"","_VenueLat":"","_VenueLng":"","_VenueShowMap":false,"_VenueShowMapLink":false,"_tribe_blocks_recurrence_rules":"","_tribe_blocks_recurrence_description":"","_tribe_blocks_recurrence_exclusions":"","footnotes":""},"categories":[3311,3558,3366,3300],"tags":[],"class_list":["post-86538","post","type-post","status-publish","format-standard","has-post-thumbnail","hentry","category-capitolo-generale","category-casa-generalizia-it","category-notizie","category-superiore-generale"],"_links":{"self":[{"href":"https:\/\/www.lasalle.org\/it\/wp-json\/wp\/v2\/posts\/86538","targetHints":{"allow":["GET"]}}],"collection":[{"href":"https:\/\/www.lasalle.org\/it\/wp-json\/wp\/v2\/posts"}],"about":[{"href":"https:\/\/www.lasalle.org\/it\/wp-json\/wp\/v2\/types\/post"}],"author":[{"embeddable":true,"href":"https:\/\/www.lasalle.org\/it\/wp-json\/wp\/v2\/users\/9"}],"replies":[{"embeddable":true,"href":"https:\/\/www.lasalle.org\/it\/wp-json\/wp\/v2\/comments?post=86538"}],"version-history":[{"count":5,"href":"https:\/\/www.lasalle.org\/it\/wp-json\/wp\/v2\/posts\/86538\/revisions"}],"predecessor-version":[{"id":86609,"href":"https:\/\/www.lasalle.org\/it\/wp-json\/wp\/v2\/posts\/86538\/revisions\/86609"}],"wp:featuredmedia":[{"embeddable":true,"href":"https:\/\/www.lasalle.org\/it\/wp-json\/wp\/v2\/media\/86582"}],"wp:attachment":[{"href":"https:\/\/www.lasalle.org\/it\/wp-json\/wp\/v2\/media?parent=86538"}],"wp:term":[{"taxonomy":"category","embeddable":true,"href":"https:\/\/www.lasalle.org\/it\/wp-json\/wp\/v2\/categories?post=86538"},{"taxonomy":"post_tag","embeddable":true,"href":"https:\/\/www.lasalle.org\/it\/wp-json\/wp\/v2\/tags?post=86538"}],"curies":[{"name":"wp","href":"https:\/\/api.w.org\/{rel}","templated":true}]}}