{"id":94864,"date":"2023-09-08T14:24:04","date_gmt":"2023-09-08T13:24:04","guid":{"rendered":"https:\/\/www.lasalle.org\/?p=94864"},"modified":"2023-09-09T09:25:25","modified_gmt":"2023-09-09T08:25:25","slug":"sr-liliana-franco-non-ce-niente-di-piu-profetico-che-essere-un-fratello","status":"publish","type":"post","link":"https:\/\/www.lasalle.org\/it\/sr-liliana-franco-non-ce-niente-di-piu-profetico-che-essere-un-fratello\/","title":{"rendered":"Sr. Liliana Franco: &#8220;Non c&#8217;\u00e8 niente di pi\u00f9 profetico che essere un Fratello&#8221;"},"content":{"rendered":"<div class=\"pdfprnt-buttons pdfprnt-buttons-post pdfprnt-top-right\"><a href=\"https:\/\/www.lasalle.org\/it\/wp-json\/wp\/v2\/posts\/94864?print=pdf\" class=\"pdfprnt-button pdfprnt-button-pdf\" target=\"_blank\" ><img decoding=\"async\" src=\"https:\/\/www.lasalle.org\/wp-content\/plugins\/pdf-print\/images\/pdf.png\" alt=\"image_pdf\" title=\"Scarica il pdf\" \/><span class=\"pdfprnt-button-title pdfprnt-button-pdf-title\">PDF<\/span><\/a><a href=\"https:\/\/www.lasalle.org\/it\/wp-json\/wp\/v2\/posts\/94864?print=print\" class=\"pdfprnt-button pdfprnt-button-print\" target=\"_blank\" ><img decoding=\"async\" src=\"https:\/\/www.lasalle.org\/wp-content\/plugins\/pdf-print\/images\/print.png\" alt=\"image_print\" title=\"Stampa contenuto\" \/><span class=\"pdfprnt-button-title pdfprnt-button-print-title\">PRINT<\/span><\/a><\/div><div class=\"fusion-fullwidth fullwidth-box fusion-builder-row-1 fusion-flex-container nonhundred-percent-fullwidth non-hundred-percent-height-scrolling\" style=\"--awb-border-radius-top-left:0px;--awb-border-radius-top-right:0px;--awb-border-radius-bottom-right:0px;--awb-border-radius-bottom-left:0px;--awb-flex-wrap:wrap;\" ><div class=\"fusion-builder-row fusion-row fusion-flex-align-items-flex-start fusion-flex-content-wrap\" style=\"max-width:1248px;margin-left: calc(-4% \/ 2 );margin-right: calc(-4% \/ 2 );\"><div class=\"fusion-layout-column fusion_builder_column fusion-builder-column-0 fusion_builder_column_1_1 1_1 fusion-flex-column\" style=\"--awb-bg-size:cover;--awb-width-large:100%;--awb-margin-top-large:0px;--awb-spacing-right-large:1.92%;--awb-margin-bottom-large:0px;--awb-spacing-left-large:1.92%;--awb-width-medium:100%;--awb-spacing-right-medium:1.92%;--awb-spacing-left-medium:1.92%;--awb-width-small:100%;--awb-spacing-right-small:1.92%;--awb-spacing-left-small:1.92%;\"><div class=\"fusion-column-wrapper fusion-flex-justify-content-flex-start fusion-content-layout-column\"><div class=\"fusion-text fusion-text-1\"><p><strong>&#8220;Non c&#8217;\u00e8 niente di pi\u00f9 profetico che essere un Fratello. Essere un Fratello \u00e8 rivoluzionario: ci\u00f2 che rappresentate nel mondo e nella Chiesa \u00e8 profondamente evangelico&#8221;. <\/strong>Queste le considerazioni finali di suor Gloria Liliana Franco Echeverri, ODN, sulle sfide della vita consacrata in America Latina e nei Caraibi. La religiosa della Compagnia di Maria \u00e8 l&#8217;attuale Presidente della <a href=\"https:\/\/www.clar.org\/\" target=\"_blank\" rel=\"noopener\">Confederazione Latinoamericana dei Religiosi e delle Religiose (CLAR)<\/a> e ha guidato il ritiro che ha aperto <a href=\"https:\/\/www.lasalle.org\/it\/fr-armin-luistro-dobbiamo-immergerci-profondamente-nelle-regioni\/\">l&#8217;Incontro della Regione Lasalliana dell&#8217;America Latina (RELAL) con il Superiore Generale e il suo Consiglio<\/a> che si terr\u00e0 questa settimana a Medellin (Colombia), dal 4 al 9 settembre.<\/p>\n<p><strong>Un tempo di grazia <\/strong><\/p>\n<p>Nel corso di questa giornata di spiritualit\u00e0, Suor Liliana Franco ha invitato i lasalliani ad accogliere l&#8217;Incontro come &#8220;un tempo di grazia, un&#8217;occasione per intravedere la volont\u00e0 di Dio e un&#8217;opportunit\u00e0 per aumentare l&#8217;unit\u00e0 e intravedere gli orizzonti missionari&#8221;. &#8220;<strong>La novit\u00e0 \u00e8 fatta dallo Spirito e per questo la chiave \u00e8 ascoltarlo<\/strong>&#8220;, ha detto.<\/p>\n<p>Nascere dallo Spirito, allargando il cuore e prendendo coscienza della realt\u00e0 in cui la vita consacrata \u00e8 inserita in America Latina e nei Caraibi, suggerisce anche di passare attraverso nuovi percorsi alla sequela di Ges\u00f9, appassionato di umanit\u00e0. In questo senso, la religiosa colombiana ha messo in evidenza diverse <strong>tendenze che potrebbero paralizzare la vita religiosa, ma anche diverse esondazioni che mobilitano i religiosi<\/strong>.<\/p>\n<p>Ecco alcune parole che Suor Liliana ha rivolto ai lasalliani, presenti anche in sei brevi video che possono aiutare a <strong>riflettere e a interiorizzare le sfide della vita consacrata oggi.<\/strong><\/p>\n<p><strong>La tendenza al calo numerico<\/strong><\/p>\n<p>&#8220;La vita religiosa viene sfidata ad abbracciare la sua minoranza. Siamo in un&#8217;epoca di calo numerico. Quello che vediamo da diverse parti del mondo \u00e8 che la fioritura vocazionale del passato non \u00e8 pi\u00f9 una realt\u00e0 in continenti come l&#8217;Europa e l&#8217;America. Allora <strong>siamo sfidati ad accettare che siamo di meno, ma che nella nostra piccolezza Dio pu\u00f2 continuare a fare miracoli, possibilit\u00e0 e nuova vita&#8221;.<\/strong><\/p>\n<p>&#8220;Il fatto che siamo di meno non pu\u00f2 essere una giustificazione per dire che non possiamo, che non siamo invitati a inserirci in realt\u00e0 geografiche ed esistenziali diverse. La nostra minorit\u00e0 \u00e8 proprio la possibilit\u00e0 di Dio. <strong>Oggi, pi\u00f9 che la domanda su quanti siamo, dobbiamo riflettere personalmente sulla domanda da dove siamo stati fondati, che tipo di religiosi e religiose siamo<\/strong>, che valori abbiamo, con quale audacia e passione apostolica ci poniamo, di cosa siamo capaci in questo momento storico \u2013 con la grazia dello Spirito&#8221;.<\/p>\n<p>&#8220;Penso spesso agli <em>anawin<\/em>, i &#8220;poveri di Yahweh&#8221;, e penso che <strong>nella logica del Regno tutto si costruisce a partire dall\u2019embrionale, dal piccolo<\/strong>. Credo che proprio la nostra minorit\u00e0 possa essere la possibilit\u00e0 del nostro Dio&#8221;.<\/p>\n<\/div><div class=\"fusion-text fusion-text-2\"><div class=\"video-shortcode\"><iframe title=\"Hna. Liliana Franco - El desafio de la Minoridad\" width=\"1200\" height=\"675\" src=\"https:\/\/www.youtube.com\/embed\/YUnex3vKJek?feature=oembed\" frameborder=\"0\" allow=\"accelerometer; autoplay; clipboard-write; encrypted-media; gyroscope; picture-in-picture; web-share\" allowfullscreen><\/iframe><\/div>\n<\/div><div class=\"fusion-text fusion-text-3\"><p><strong>Tendenza al benessere<\/strong><\/p>\n<p>&#8220;Dobbiamo superare la tentazione di conformarci alla consuetudine. <strong>Ci siamo riparati sotto la protezione dell&#8217;istituzionalit\u00e0, della routine, dei modi di procedere<\/strong>, mentre oggi pi\u00f9 che mai ci sono tante grida nella storia e nella societ\u00e0. Ecco perch\u00e9 dovremmo permettere a tutte queste grida del nostro mondo, del nostro popolo, di raggiungerci, di scuoterci, di metterci a disagio e di mobilitarci.<\/p>\n<p>&#8220;Credo che negli ultimi decenni ci sia stata una tendenza a vivere nelle nostre zone comfort, con molte giustificazioni: perch\u00e9 siamo di meno, siamo pi\u00f9 vecchi, o non ci sono vocazioni. E proprio <strong>questo frangente significa che dobbiamo avere il coraggio di uscire, di visitare altre zone <\/strong>dove il Signore ci dice: l&#8217;impegno per la vita consacrata \u00e8 urgente!<\/p>\n<p>&#8220;La vita religiosa \u00e8 costruita su un treppiede: profezia, mistica e missione. E forse questa dimensione missionaria negli ultimi decenni \u00e8 stata indebolita da vari fattori. Perci\u00f2, oggi pi\u00f9 che mai, in questo <em>kairos<\/em> ecclesiale in cui stiamo riflettendo sull&#8217;importanza della sinodalit\u00e0, dovremmo ricrearci a partire dalla consapevolezza che <strong>siamo chiamati a &#8216;essere in missione&#8217;, ad accompagnare il nostro popolo, a camminare con lui<\/strong>, e a rispondere in modo pi\u00f9 lucido e consapevole alle urgenze di questo momento storico&#8221;.<\/p>\n<p>&#8220;C&#8217;\u00e8 la tentazione di rimanere nelle nostre zone comfort, ma c&#8217;\u00e8 il grido, il clamore e la chiamata permanente del nostro Dio ad <strong>andare in quelle altre sponde dove l&#8217;impegno e la presenza della vita consacrata sono urgentemente necessari<\/strong>&#8220;.<\/p>\n<\/div><div class=\"fusion-text fusion-text-4\"><div class=\"video-shortcode\"><iframe title=\"Hna. Liliana Franco - Tendencia a acomodarnos\" width=\"1200\" height=\"675\" src=\"https:\/\/www.youtube.com\/embed\/SNSqu6mMMXg?feature=oembed\" frameborder=\"0\" allow=\"accelerometer; autoplay; clipboard-write; encrypted-media; gyroscope; picture-in-picture; web-share\" allowfullscreen><\/iframe><\/div>\n<\/div><div class=\"fusion-text fusion-text-5\"><p><strong>Tendenza all\u2019omologazione<\/strong><\/p>\n<p>&#8220;La tendenza all&#8217;omologazione \u2013 presente in questo momento nella Chiesa \u2013 comporta che la sequela di Ges\u00f9 riduca la possibilit\u00e0 per ciascuno di esprimere ci\u00f2 che \u00e8. <strong>C&#8217;\u00e8 una tendenza a voler uniformare<\/strong>: stesse misure, stessi modi, stessi tagli di capelli, stesso tono di voce quando si legge &#8230; come se seguire Ges\u00f9 nella vita religiosa significasse uniformarsi, mentre la convinzione pi\u00f9 profonda \u00e8 che lo Spirito ci ricrea con doni e carismi diversi&#8221;.<\/p>\n<p>&#8220;Pertanto, <strong>dobbiamo fare in modo che nella Chiesa ci sia spazio per la diversit\u00e0<\/strong>, che la voce di tutti possa risuonare, cos\u00ec come possa risuonare la capacit\u00e0 di dissentire, di pensare in modo diverso, di arricchire la nostra vita comunitaria e ciascuna delle nostre istituzioni, anche con quel particolare dono che Dio ha dato alle persone&#8221;.<\/p>\n<p>&#8220;Logicamente, tutto questo a partire dalla consapevolezza che chi si sente chiamato alla vita religiosa pu\u00f2 sentirsi chiamato ad un progetto comune, e questo comporta anche, quindi, l&#8217;uscita da se stessi, la <em>kenosi<\/em>: uno <strong>sforzo per costruire la comunit\u00e0, ma senza rinnegare la particolarit\u00e0<\/strong>, senza rinnegare quel dono, quel carisma speciale e personale, che \u00e8 il carisma con cui Dio si compiace di ogni persona, e che proprio da l\u00ec ognuno pu\u00f2 contribuire ad arricchire il tessuto degli organismi apostolici a cui apparteniamo&#8221;.<\/p>\n<p>&#8220;Omologare significa tarpare le ali allo Spirito, rifiutare di riconoscere che Dio si compiace di ogni persona in modo diverso e unico. <strong>Siamo invitati al &#8216;noi&#8217; ecclesiale, e questo significa abbracciare e accogliere anche il dono particolare<\/strong>&#8220;.<\/p>\n<\/div><div class=\"fusion-text fusion-text-6\"><div class=\"video-shortcode\"><iframe title=\"Hna. Liliana Franco - La Tendencia a Homogenizar\" width=\"1200\" height=\"675\" src=\"https:\/\/www.youtube.com\/embed\/tSmslzZkyRA?feature=oembed\" frameborder=\"0\" allow=\"accelerometer; autoplay; clipboard-write; encrypted-media; gyroscope; picture-in-picture; web-share\" allowfullscreen><\/iframe><\/div>\n<\/div><div class=\"fusion-text fusion-text-7\"><p><strong>Traboccamento embrionale<\/strong><\/p>\n<p>&#8220;Il traboccamento embrionale altro non \u00e8 che il credere al nostro <strong>Dio, che opta per l&#8217;umano e poi si incarna<\/strong>. Il nostro Dio decide che il suo posto \u00e8 la mangiatoia, la croce, Nazareth&#8221;.<\/p>\n<p>&#8220;<strong>La logica in cui dobbiamo situarci \u00e8 l&#8217;incarnazione, che privilegia il fecondo, il semplice, ci\u00f2 che \u00e8 apparentemente incipiente, <\/strong>ma che \u00e8, senza dubbio, il luogo in cui Dio si manifesta. Significa credere nei processi, accompagnare le persone, tendere all&#8217;umano, dare alla nostra vita quotidiana il posto che le spetta, dove avviene la rivelazione di Dio&#8221;.<\/p>\n<p>&#8220;<strong>Optare per l\u2019embrionale significa optare per ci\u00f2 che \u00e8 apparentemente inutile, senza valore o irrilevante nella logica del mondo<\/strong>, ma che nella logica di Dio \u00e8 ci\u00f2 che fa la differenza. \u00c8 optare per il gratuito, \u00e8 abbracciare l&#8217;umano, \u00e8 darci tempo, \u00e8 darci vita&#8221;.<\/p>\n<\/div><div class=\"fusion-text fusion-text-8\"><div class=\"video-shortcode\"><iframe title=\"Hna. Liliana Franco - El Desborde de lo Germinal\" width=\"1200\" height=\"675\" src=\"https:\/\/www.youtube.com\/embed\/Y8sS2dfWseA?feature=oembed\" frameborder=\"0\" allow=\"accelerometer; autoplay; clipboard-write; encrypted-media; gyroscope; picture-in-picture; web-share\" allowfullscreen><\/iframe><\/div>\n<\/div><div class=\"fusion-text fusion-text-9\"><p><strong>Traboccamento \u2018oltre\u2019<\/strong><\/p>\n<p>&#8220;L\u2019andare oltre \u00e8 quella capacit\u00e0 che abbiamo di allargarci, di tessere la rete, di vederci al di l\u00e0 delle nostre trame o dei ghetti in cui a volte ci chiudiamo religiosamente. \u00c8 quella volont\u00e0 che abbiamo di <strong>costruire e lavorare con gli altri nell&#8217;intercongregazionalit\u00e0, nell&#8217;interculturalit\u00e0, nell&#8217;intergenerazionalit\u00e0<\/strong>. Sono tracimazioni che possono riempirci di nuova vita&#8221;.<\/p>\n<p>&#8220;Oggi pi\u00f9 che mai siamo chiamati a lavorare con gli altri, a <strong>costruire reti di collaborazione a favore di progetti in relazione con la vita<\/strong>, con la difesa delle culture, con la cura della Terra&#8221;.<\/p>\n<p>&#8220;Oggi siamo anche sollecitati a insistere sul dialogo intergenerazionale, sulla capacit\u00e0 di <strong>sedere allo stesso tavolo, anziani, giovani, persone di mezza et\u00e0, e di sognare veramente la vita religiosa e la Chiesa che vogliamo<\/strong>, di riconoscere i punti di forza che esistono in ogni generazione, e che insieme possiamo immaginare il futuro e il prossimo passo a cui il Signore ci chiama&#8221;.<\/p>\n<p>&#8220;E logicamente siamo interculturali. <strong>Il volto della Chiesa sta diventando sempre pi\u00f9 interculturale. Tutte le nostre comunit\u00e0 sono plasmate dalla presenza di persone di culture diverse<\/strong>. Quindi, siamo sfidati a non avere culture egemoniche che si posizionano come se avessero sempre ragione; possiamo piuttosto creare spazi per abbracciarci nella nostra diversit\u00e0 culturale, per accogliere le diverse sensibilit\u00e0, i ritmi e i modi di interpretare la vita. Non c&#8217;\u00e8 una sola cultura, c&#8217;\u00e8 una variet\u00e0 che nasce dall&#8217;amore di Dio e dall&#8217;effusione dello Spirito in noi&#8221;.<\/p>\n<p>&#8220;La vita nuova ci viene incontro in quella capacit\u00e0 che abbiamo di combinare e vivere: l&#8217;interculturalit\u00e0, l&#8217;intergenerazionalit\u00e0 e l&#8217;intercongregazionalit\u00e0, e questo anche da una dimensione di itineranza. <strong>Oggi la vita religiosa \u00e8 invitata al movimento, all&#8217;impegno e all&#8217;uscita<\/strong>, nella logica di quanto ci ha detto Papa Francesco&#8221;.<\/p>\n<\/div><div class=\"fusion-text fusion-text-10\"><div class=\"video-shortcode\"><iframe title=\"Hna. Liliana Franco - El Desborde Inter\" width=\"1200\" height=\"675\" src=\"https:\/\/www.youtube.com\/embed\/63gr_6o9noM?feature=oembed\" frameborder=\"0\" allow=\"accelerometer; autoplay; clipboard-write; encrypted-media; gyroscope; picture-in-picture; web-share\" allowfullscreen><\/iframe><\/div>\n<\/div><div class=\"fusion-text fusion-text-11\"><p><strong>Traboccamento profetico e comunitario<\/strong><\/p>\n<p>&#8220;La tracimazione profetica e comunitaria \u00e8 la consapevolezza <strong>che viviamo in un mondo molto frammentato<\/strong>: in guerra, xenofobo, razzista, escludente &#8230; \u00e8 un mondo in cui il Signore ci invita all&#8217;utopia del comune, del fraterno, e ad essere fratelli&#8221;.<\/p>\n<p>&#8220;<strong>Essere fratelli in questo momento storico \u00e8 assolutamente profetico<\/strong>. Questo mondo ha bisogno di quel rifugio di ci\u00f2 che significa la cura, l&#8217;accompagnamento e l&#8217;impegno di un fratello e di una sorella&#8221;.<\/p>\n<p>&#8220;Mi piace pensare al modo in cui i primi cristiani si identificavano. Si dicevano: chi sono, e sapevano chi erano per il modo in cui si amavano: &#8216;guarda come si amano&#8217;. <strong>Oggi, ci\u00f2 che \u00e8 controculturale, ci\u00f2 che \u00e8 significativo, sarebbe che la qualit\u00e0 del nostro amore mostri anche in chi crediamo<\/strong>; che la qualit\u00e0 della nostra relazione fraterna, del nostro impegno, dei nostri legami, del modo in cui ci esprimiamo l&#8217;un l&#8217;altro, renda possibile e mostri cosa significa seguire Ges\u00f9&#8221;.<\/p>\n<p>&#8220;Questo mondo distrutto ha bisogno del rifugio e dell&#8217;impegno dei Fratelli. <strong>Un Fratello \u00e8 colui che \u00e8 pronto a camminare con gli altri ed allargare lo spazio del suo cuore verso altre persone<\/strong>; \u00e8 colui che include, che ripara con amore, che apre orizzonti. Questo mondo ha bisogno di fratelli e sorelle!<\/p>\n<\/div><div class=\"fusion-text fusion-text-12\"><div class=\"video-shortcode\"><iframe title=\"Hna Liliana Franco - El Desborde Profe\u0301tico y Comunitario\" width=\"1200\" height=\"675\" src=\"https:\/\/www.youtube.com\/embed\/Zw0v8PNYgI0?feature=oembed\" frameborder=\"0\" allow=\"accelerometer; autoplay; clipboard-write; encrypted-media; gyroscope; picture-in-picture; web-share\" allowfullscreen><\/iframe><\/div>\n<\/div><\/div><\/div><\/div><\/div>\n","protected":false},"excerpt":{"rendered":"","protected":false},"author":9,"featured_media":94868,"comment_status":"closed","ping_status":"closed","sticky":false,"template":"","format":"standard","meta":{"_tec_requires_first_save":true,"_monsterinsights_skip_tracking":false,"_monsterinsights_sitenote_active":false,"_monsterinsights_sitenote_note":"","_monsterinsights_sitenote_category":0,"_EventAllDay":false,"_EventTimezone":"","_EventStartDate":"","_EventEndDate":"","_EventStartDateUTC":"","_EventEndDateUTC":"","_EventShowMap":false,"_EventShowMapLink":false,"_EventURL":"","_EventCost":"","_EventCostDescription":"","_EventCurrencySymbol":"","_EventCurrencyCode":"","_EventCurrencyPosition":"","_EventDateTimeSeparator":"","_EventTimeRangeSeparator":"","_EventOrganizerID":[],"_EventVenueID":[],"_OrganizerEmail":"","_OrganizerPhone":"","_OrganizerWebsite":"","_VenueAddress":"","_VenueCity":"","_VenueCountry":"","_VenueProvince":"","_VenueState":"","_VenueZip":"","_VenuePhone":"","_VenueURL":"","_VenueStateProvince":"","_VenueLat":"","_VenueLng":"","_VenueShowMap":false,"_VenueShowMapLink":false,"_tribe_blocks_recurrence_rules":"","_tribe_blocks_recurrence_description":"","_tribe_blocks_recurrence_exclusions":"","footnotes":""},"categories":[3274,3366,3488,3300],"tags":[],"class_list":["post-94864","post","type-post","status-publish","format-standard","has-post-thumbnail","hentry","category-consiglio-generale","category-notizie","category-relal-it","category-superiore-generale"],"_links":{"self":[{"href":"https:\/\/www.lasalle.org\/it\/wp-json\/wp\/v2\/posts\/94864","targetHints":{"allow":["GET"]}}],"collection":[{"href":"https:\/\/www.lasalle.org\/it\/wp-json\/wp\/v2\/posts"}],"about":[{"href":"https:\/\/www.lasalle.org\/it\/wp-json\/wp\/v2\/types\/post"}],"author":[{"embeddable":true,"href":"https:\/\/www.lasalle.org\/it\/wp-json\/wp\/v2\/users\/9"}],"replies":[{"embeddable":true,"href":"https:\/\/www.lasalle.org\/it\/wp-json\/wp\/v2\/comments?post=94864"}],"version-history":[{"count":4,"href":"https:\/\/www.lasalle.org\/it\/wp-json\/wp\/v2\/posts\/94864\/revisions"}],"predecessor-version":[{"id":94885,"href":"https:\/\/www.lasalle.org\/it\/wp-json\/wp\/v2\/posts\/94864\/revisions\/94885"}],"wp:featuredmedia":[{"embeddable":true,"href":"https:\/\/www.lasalle.org\/it\/wp-json\/wp\/v2\/media\/94868"}],"wp:attachment":[{"href":"https:\/\/www.lasalle.org\/it\/wp-json\/wp\/v2\/media?parent=94864"}],"wp:term":[{"taxonomy":"category","embeddable":true,"href":"https:\/\/www.lasalle.org\/it\/wp-json\/wp\/v2\/categories?post=94864"},{"taxonomy":"post_tag","embeddable":true,"href":"https:\/\/www.lasalle.org\/it\/wp-json\/wp\/v2\/tags?post=94864"}],"curies":[{"name":"wp","href":"https:\/\/api.w.org\/{rel}","templated":true}]}}