{"id":98821,"date":"2024-03-11T17:10:52","date_gmt":"2024-03-11T16:10:52","guid":{"rendered":"https:\/\/www.lasalle.org\/?p=98821"},"modified":"2024-03-26T10:20:58","modified_gmt":"2024-03-26T09:20:58","slug":"il-fratello-superiore-generale-nomina-i-membri-del-comitato-permanente-dei-giovani-fratelli","status":"publish","type":"post","link":"https:\/\/www.lasalle.org\/it\/il-fratello-superiore-generale-nomina-i-membri-del-comitato-permanente-dei-giovani-fratelli\/","title":{"rendered":"Il Fratello Superiore Generale nomina i membri del Comitato permanente dei Giovani Fratelli"},"content":{"rendered":"<div class=\"pdfprnt-buttons pdfprnt-buttons-post pdfprnt-top-right\"><a href=\"https:\/\/www.lasalle.org\/it\/wp-json\/wp\/v2\/posts\/98821?print=pdf\" class=\"pdfprnt-button pdfprnt-button-pdf\" target=\"_blank\" ><img decoding=\"async\" src=\"https:\/\/www.lasalle.org\/wp-content\/plugins\/pdf-print\/images\/pdf.png\" alt=\"image_pdf\" title=\"Scarica il pdf\" \/><span class=\"pdfprnt-button-title pdfprnt-button-pdf-title\">PDF<\/span><\/a><a href=\"https:\/\/www.lasalle.org\/it\/wp-json\/wp\/v2\/posts\/98821?print=print\" class=\"pdfprnt-button pdfprnt-button-print\" target=\"_blank\" ><img decoding=\"async\" src=\"https:\/\/www.lasalle.org\/wp-content\/plugins\/pdf-print\/images\/print.png\" alt=\"image_print\" title=\"Stampa contenuto\" \/><span class=\"pdfprnt-button-title pdfprnt-button-print-title\">PRINT<\/span><\/a><\/div><div class=\"fusion-fullwidth fullwidth-box fusion-builder-row-1 fusion-flex-container nonhundred-percent-fullwidth non-hundred-percent-height-scrolling\" style=\"--awb-border-radius-top-left:0px;--awb-border-radius-top-right:0px;--awb-border-radius-bottom-right:0px;--awb-border-radius-bottom-left:0px;--awb-flex-wrap:wrap;\" ><div class=\"fusion-builder-row fusion-row fusion-flex-align-items-flex-start fusion-flex-content-wrap\" style=\"max-width:1248px;margin-left: calc(-4% \/ 2 );margin-right: calc(-4% \/ 2 );\"><div class=\"fusion-layout-column fusion_builder_column fusion-builder-column-0 fusion_builder_column_1_1 1_1 fusion-flex-column\" style=\"--awb-bg-size:cover;--awb-width-large:100%;--awb-margin-top-large:0px;--awb-spacing-right-large:1.92%;--awb-margin-bottom-large:0px;--awb-spacing-left-large:1.92%;--awb-width-medium:100%;--awb-spacing-right-medium:1.92%;--awb-spacing-left-medium:1.92%;--awb-width-small:100%;--awb-spacing-right-small:1.92%;--awb-spacing-left-small:1.92%;\"><div class=\"fusion-column-wrapper fusion-flex-justify-content-flex-start fusion-content-layout-column\"><div class=\"fusion-text fusion-text-1\"><p>Fratel Armin Luistro, Superiore Generale dei Fratelli delle Scuole Cristiane, ha nominato i membri del Comitato Permanente dei Giovani Fratelli che, a partire dal 1\u00b0 marzo 2024 e per un periodo di tre anni, assumeranno le funzioni previste dal <u><a href=\"https:\/\/www.lasalle.org\/it\/pubblicazioni\/documenti-per-il-46-capitolo-generale\/\" target=\"_blank\" rel=\"noopener\">46\u00b0 Capitolo Generale<\/a>,<\/u> nonch\u00e9 le proposte emerse dalla <a href=\"https:\/\/www.lasalle.org\/it\/ii-assemblea-internazionale-dei-giovani-fratelli\/\" target=\"_blank\" rel=\"noopener\"><u>II Assemblea Internazionale dei Giovani Fratelli (II IYBA)<\/u><u>.<\/u><\/a> Il Comitato \u00e8 composto da cinque membri, uno per ogni Regione dell&#8217;Istituto. Essi sono:<\/p>\n<\/div><div class=\"fusion-separator fusion-full-width-sep\" style=\"align-self: center;margin-left: auto;margin-right: auto;margin-top:10px;margin-bottom:10px;width:100%;\"><div class=\"fusion-separator-border sep-single sep-solid\" style=\"--awb-height:20px;--awb-amount:20px;border-color:#e0dede;border-top-width:1px;\"><\/div><\/div><div class=\"fusion-text fusion-text-2\"><p><strong><img decoding=\"async\" class=\"alignleft size-thumbnail wp-image-99153\" src=\"https:\/\/www.lasalle.org\/wp-content\/uploads\/2024\/03\/Arockia-Samy-150x150.png\" alt=\"\" width=\"150\" height=\"150\" srcset=\"https:\/\/www.lasalle.org\/wp-content\/uploads\/2024\/03\/Arockia-Samy-66x66.png 66w, https:\/\/www.lasalle.org\/wp-content\/uploads\/2024\/03\/Arockia-Samy-150x150.png 150w, https:\/\/www.lasalle.org\/wp-content\/uploads\/2024\/03\/Arockia-Samy.png 189w\" sizes=\"(max-width: 150px) 100vw, 150px\" \/>Fr. Arockia Samy Jr, FSC (Conferenza Regionale Asia e Pacifico &#8211; PARC) <\/strong><\/p>\n<p>Fr. Arockia Samy Jr. \u00e8 nato in India il 2 febbraio 1985. Appartiene al Distretto lasalliano dell&#8217;Asia meridionale. Ha iniziato il suo processo di formazione nell&#8217;Istituto all&#8217;et\u00e0 di 17 anni. Ha professato i primi voti come religioso al termine del Noviziato nel 2009 e i voti definitivi nel 2018. Ha studiato Storia e Teologia ed ha conseguito una laurea in Educazione. Nel suo percorso di Fratello, \u00e8 stato insegnante al St. Joseph&#8217;s Boys Village, a Genguvarpatti, dove ha anche guidato il ministero vocazionale. Ha insegnato anche a Nagai e Suranam e ha contribuito alla promozione e alla formazione vocazionale a Mangalagiri.<\/p>\n<\/div><div class=\"fusion-separator fusion-full-width-sep\" style=\"align-self: center;margin-left: auto;margin-right: auto;margin-top:10px;margin-bottom:10px;width:100%;\"><div class=\"fusion-separator-border sep-single sep-solid\" style=\"--awb-height:20px;--awb-amount:20px;border-color:#e0dede;border-top-width:1px;\"><\/div><\/div><div class=\"fusion-text fusion-text-3\"><p><strong><img decoding=\"async\" class=\"alignleft size-thumbnail wp-image-99137\" src=\"https:\/\/www.lasalle.org\/wp-content\/uploads\/2024\/03\/Eduardo-Rivera-150x150.png\" alt=\"\" width=\"150\" height=\"150\" srcset=\"https:\/\/www.lasalle.org\/wp-content\/uploads\/2024\/03\/Eduardo-Rivera-66x66.png 66w, https:\/\/www.lasalle.org\/wp-content\/uploads\/2024\/03\/Eduardo-Rivera-150x150.png 150w, https:\/\/www.lasalle.org\/wp-content\/uploads\/2024\/03\/Eduardo-Rivera.png 189w\" sizes=\"(max-width: 150px) 100vw, 150px\" \/>Fr. Eduardo Rivera, FSC (Regione Lasalliana Latinoamericana &#8211; RELAL)<\/strong><\/p>\n<p>Il 12 gennaio 1993, nella citt\u00e0 di Arequipa (Per\u00f9), \u00e8 nato Fratel Eduardo Rivera, membro del Distretto Bolivia-Per\u00f9. \u00c8 entrato nel Postulantato nel 2010 e ha emesso i primi voti nel 2014, mentre quelli perpetui nel 2022. Laureato in Scienze dell&#8217;Educazione, con specializzazione in Linguistica e Letteratura, ha lavorato come insegnante di Letteratura e di Religione nelle scuole secondarie. \u00c8 stato anche responsabile della catechesi sacramentale, Coordinatore della Pastorale e Assistente del Direttore della Scuola La Salle Santa Cruz (Bolivia) ed ha collaborato nella formazione iniziale dei Fratelli. Attualmente \u00e8 Presidente della Commissione di Pastorale Giovanile e Vocazionale e membro del Consiglio dell&#8217;Associazione e della Missione Lasalliana del suo Distretto.<\/p>\n<\/div><div class=\"fusion-separator fusion-full-width-sep\" style=\"align-self: center;margin-left: auto;margin-right: auto;margin-top:10px;margin-bottom:10px;width:100%;\"><div class=\"fusion-separator-border sep-single sep-solid\" style=\"--awb-height:20px;--awb-amount:20px;border-color:#e0dede;border-top-width:1px;\"><\/div><\/div><div class=\"fusion-text fusion-text-4\"><p><strong><img decoding=\"async\" class=\"alignleft size-thumbnail wp-image-99141\" src=\"https:\/\/www.lasalle.org\/wp-content\/uploads\/2024\/03\/Matthew-Kotek-150x150.png\" alt=\"\" width=\"150\" height=\"150\" srcset=\"https:\/\/www.lasalle.org\/wp-content\/uploads\/2024\/03\/Matthew-Kotek-66x66.png 66w, https:\/\/www.lasalle.org\/wp-content\/uploads\/2024\/03\/Matthew-Kotek-150x150.png 150w, https:\/\/www.lasalle.org\/wp-content\/uploads\/2024\/03\/Matthew-Kotek.png 189w\" sizes=\"(max-width: 150px) 100vw, 150px\" \/>Fr. Matthew Kotek, FSC (Regione lasalliana del Nord America &#8211; RELAN)<\/strong><\/p>\n<p>Fr. Matthew Kotek, appartenente al Distretto del Midwest (Stati Uniti), ha studiato alla Saint Mary&#8217;s University del Minnesota e alla Christian Brothers University di Memphis, dove si \u00e8 laureato. Ha prestato servizio nel ministero lasalliano presso la Christian Brothers High School, sempre a Memphis, \u00e8 stato coinvolto nel <em>Progetto Fratelli<\/em> a Rmeileh (Libano) e ha lavorato al Coll\u00e8ge De La Salle de Il Cairo (Egitto), dove ha sviluppato la dimensione missionaria della sua vocazione. Attualmente \u00e8 membro della comunit\u00e0 del De La Salle High School di Minneapolis e dell&#8217;Equipe di Pastorale Vocazionale del suo Distretto.<\/p>\n<\/div><div class=\"fusion-separator fusion-full-width-sep\" style=\"align-self: center;margin-left: auto;margin-right: auto;margin-top:10px;margin-bottom:10px;width:100%;\"><div class=\"fusion-separator-border sep-single sep-solid\" style=\"--awb-height:20px;--awb-amount:20px;border-color:#e0dede;border-top-width:1px;\"><\/div><\/div><div class=\"fusion-text fusion-text-5\"><p><strong><img decoding=\"async\" class=\"alignleft size-thumbnail wp-image-99149\" src=\"https:\/\/www.lasalle.org\/wp-content\/uploads\/2024\/03\/Urbain-Andrinirina-150x150.png\" alt=\"\" width=\"150\" height=\"150\" srcset=\"https:\/\/www.lasalle.org\/wp-content\/uploads\/2024\/03\/Urbain-Andrinirina-66x66.png 66w, https:\/\/www.lasalle.org\/wp-content\/uploads\/2024\/03\/Urbain-Andrinirina-150x150.png 150w, https:\/\/www.lasalle.org\/wp-content\/uploads\/2024\/03\/Urbain-Andrinirina.png 189w\" sizes=\"(max-width: 150px) 100vw, 150px\" \/>Fr. Urbain Andrinirina, FSC (Regione Lasalliana di Africa e Madagascar &#8211; RELAF)<\/strong><\/p>\n<p>Fr. Urbain Fran\u00e7ois Andrinirina appartiene al Distretto del Madagascar. Il suo cammino vocazionale come Fratello delle Scuole Cristiane \u00e8 iniziato nel Juniorato (2013-2014) ed \u00e8 proseguito nel Postulantato (2014-2016) e nel Noviziato (2016-2018). Ha emesso i primi voti il 13 giugno 2018. Ha poi continuato la sua formazione allo Scolasticato (2018-2022) e ha conseguito la Laurea in Educazione con specializzazione in Inglese e Letteratura presso l&#8217;Universit\u00e0 Cattolica dell&#8217;Africa Orientale. Attualmente \u00e8 segretario della RELAF e vive nella comunit\u00e0 regionale di Abidjan (Costa d&#8217;Avorio), mentre insegna inglese al Sacr\u00e9-C\u0153ur d&#8217;Adjam\u00e9, dove condivide lo spirito di fede e lo zelo. Ama anche lo sport ed \u00e8 appassionato di musica.<\/p>\n<\/div><div class=\"fusion-separator fusion-full-width-sep\" style=\"align-self: center;margin-left: auto;margin-right: auto;margin-top:10px;margin-bottom:10px;width:100%;\"><div class=\"fusion-separator-border sep-single sep-solid\" style=\"--awb-height:20px;--awb-amount:20px;border-color:#e0dede;border-top-width:1px;\"><\/div><\/div><div class=\"fusion-text fusion-text-6\"><p><strong><img decoding=\"async\" class=\"alignleft size-thumbnail wp-image-99145\" src=\"https:\/\/www.lasalle.org\/wp-content\/uploads\/2024\/03\/Miguel-Marcos-150x150.png\" alt=\"\" width=\"150\" height=\"150\" srcset=\"https:\/\/www.lasalle.org\/wp-content\/uploads\/2024\/03\/Miguel-Marcos-66x66.png 66w, https:\/\/www.lasalle.org\/wp-content\/uploads\/2024\/03\/Miguel-Marcos-150x150.png 150w, https:\/\/www.lasalle.org\/wp-content\/uploads\/2024\/03\/Miguel-Marcos.png 189w\" sizes=\"(max-width: 150px) 100vw, 150px\" \/>Fr. Miguel Marcos, FSC (Regione Lasalliana Europea del Mediterraneo &#8211; RELEM)<\/strong><\/p>\n<p>Fratel Miguel Seraf\u00edn Marcos Hern\u00e1ndez \u00e8 nato a Madrid l&#8217;8 novembre 1992 ed \u00e8 membro del Distretto Arlep. \u00c8 entrato nel Postulantato nel 2014 e ha completato il Noviziato tra il 2016 e il 2017. La sua formazione in diritto e amministrazione aziendale, oltre che in scienze religiose, gli ha permesso di contribuire con il suo ministero educativo a livello secondario, pre-universitario e di formazione professionale, come insegnante di economia e imprenditorialit\u00e0, gestione amministrativa, inglese e religione in vari centri lasalliani: Instituci\u00f3n La Salle (Madrid), Montemol\u00edn (Saragozza); Arucas e Ant\u00fanez (Isole Canarie).<\/p>\n<p>Per 14 anni si \u00e8 occupato di evangelizzazione e catechesi nella pastorale catecumenale e vocazionale, collaborando come animatore di gruppi cristiani e assumendo responsabilit\u00e0 nel coordinamento dei gruppi La Salle Joven. Attualmente svolge la sua missione sull&#8217;isola di Gran Canaria, dove partecipa anche a un progetto intercongregazionale dedicato all&#8217;assistenza dei migranti provenienti dall&#8217;Africa.<\/p>\n<\/div><div class=\"fusion-separator fusion-full-width-sep\" style=\"align-self: center;margin-left: auto;margin-right: auto;margin-top:10px;margin-bottom:10px;width:100%;\"><div class=\"fusion-separator-border sep-single sep-solid\" style=\"--awb-height:20px;--awb-amount:20px;border-color:#e0dede;border-top-width:1px;\"><\/div><\/div><div class=\"fusion-text fusion-text-7\"><p>Dopo un primo incontro virtuale con i cinque membri del Comitato Permanente dei Giovani Fratelli, <strong>Fratel Armin Luistro ha espresso la sua gioia e la sua speranza per la missione che svolgeranno per l&#8217;Istituto<\/strong>: &#8220;Sono stato felice di incontrarli e so che parteciperanno molto attivamente all&#8217;attuazione delle proposte del <u><a href=\"https:\/\/www.lasalle.org\/it\/pubblicazioni\/documenti-per-il-46-capitolo-generale\/\" target=\"_blank\" rel=\"noopener\">46\u00b0 Capitolo Generale<\/a>, <a href=\"https:\/\/www.lasalle.org\/it\/ii-assemblea-internazionale-dei-giovani-fratelli\/\" target=\"_blank\" rel=\"noopener\">della II IYBA<\/a> e della <a href=\"https:\/\/www.lasalle.org\/it\/iii-aimel-rapporto-finale\/\" target=\"_blank\" rel=\"noopener\">III Assemblea Internazionale della Missione Educativa Lasalliana (III AIMEL)<\/a><\/u>&#8220;.<\/p>\n<p>Allo stesso modo, il Fratello Superiore Generale sottolinea che &#8220;pi\u00f9 che assumermi la responsabilit\u00e0 di attuare queste preziose risoluzioni, sono entusiasta di collaborare con loro <strong>per scoprire nuovi percorsi per coinvolgere i giovani di oggi, volgendo un nuovo sguardo ai nostri programmi di promozione vocazionale, ravvivando la nostra vita fraterna in comunit\u00e0 e abbeverandoci alle sorgenti<\/strong> di idealismo e zelo giovanile per donarsi pienamente alla missione affidataci da Ges\u00f9&#8221;.<\/p>\n<p><strong>I membri di questo Comitato avranno il compito di animare, associare e agire come &#8220;testimoni appassionati di fraternit\u00e0&#8221;, nello spirito del <a href=\"https:\/\/www.lasalle.org\/it\/progetto-lievito\/\" target=\"_blank\" rel=\"noopener\"><em><u>Progetto Lievito<\/u><\/em><\/a>, <\/strong>di fronte al coinvolgimento dei Giovani Fratelli dell&#8217;Istituto nelle richieste del <a href=\"https:\/\/www.lasalle.org\/it\/pubblicazioni\/documenti-per-il-46-capitolo-generale\/\" target=\"_blank\" rel=\"noopener\"><u>46\u00b0 Capitolo Generale<\/u><\/a> e nelle proposte del <a href=\"https:\/\/www.lasalle.org\/it\/ii-assemblea-internazionale-dei-giovani-fratelli\/\" target=\"_blank\" rel=\"noopener\"><u>II IYBA<\/u><\/a>; incoraggiando la creazione di legami e sinergie per dare luogo alla &#8220;impollinazione incrociata&#8221; di cui al documento del <a href=\"https:\/\/www.lasalle.org\/it\/progetto-lievito\/\" target=\"_blank\" rel=\"noopener\">Progetto Lievito<\/a>, con particolare attenzione ai luoghi in cui la pastorale vocazionale \u00e8 fragile, sollecitando azioni per approfondire il senso della missione e della fraternit\u00e0, specialmente con coloro che si trovano nelle periferie.<\/p>\n<p>Inoltre, in vista della nuova organizzazione della leadership e del governo dell&#8217;Istituto, <strong>il Comitato Permanente dei Giovani Fratelli sar\u00e0 in grado di offrire un supporto continuo alle Commissioni per la Giovent\u00f9 e per la Vita Consacrata, e potr\u00e0 lavorare a stretto contatto con l&#8217;Ufficio delle Vocazioni e del Volontariato. <\/strong><\/p>\n<p>Inizialmente, il Comitato sar\u00e0 accompagnato da due Fratelli del Consiglio Generale: Fratel Anatole Diretenadji e Fratel Chris Pati\u00f1o, che incoraggeranno la loro leadership e saranno pronti a sostenerli in qualsiasi modo ritengano necessario.<\/p>\n<\/div><\/div><\/div><\/div><\/div>\n","protected":false},"excerpt":{"rendered":"","protected":false},"author":12,"featured_media":98822,"comment_status":"closed","ping_status":"closed","sticky":false,"template":"","format":"standard","meta":{"_tec_requires_first_save":true,"_monsterinsights_skip_tracking":false,"_monsterinsights_sitenote_active":false,"_monsterinsights_sitenote_note":"","_monsterinsights_sitenote_category":0,"_EventAllDay":false,"_EventTimezone":"","_EventStartDate":"","_EventEndDate":"","_EventStartDateUTC":"","_EventEndDateUTC":"","_EventShowMap":false,"_EventShowMapLink":false,"_EventURL":"","_EventCost":"","_EventCostDescription":"","_EventCurrencySymbol":"","_EventCurrencyCode":"","_EventCurrencyPosition":"","_EventDateTimeSeparator":"","_EventTimeRangeSeparator":"","_EventOrganizerID":[],"_EventVenueID":[],"_OrganizerEmail":"","_OrganizerPhone":"","_OrganizerWebsite":"","_VenueAddress":"","_VenueCity":"","_VenueCountry":"","_VenueProvince":"","_VenueState":"","_VenueZip":"","_VenuePhone":"","_VenueURL":"","_VenueStateProvince":"","_VenueLat":"","_VenueLng":"","_VenueShowMap":false,"_VenueShowMapLink":false,"_tribe_blocks_recurrence_rules":"","_tribe_blocks_recurrence_description":"","_tribe_blocks_recurrence_exclusions":"","footnotes":""},"categories":[3558,3366,3300],"tags":[],"class_list":["post-98821","post","type-post","status-publish","format-standard","has-post-thumbnail","hentry","category-casa-generalizia-it","category-notizie","category-superiore-generale"],"_links":{"self":[{"href":"https:\/\/www.lasalle.org\/it\/wp-json\/wp\/v2\/posts\/98821","targetHints":{"allow":["GET"]}}],"collection":[{"href":"https:\/\/www.lasalle.org\/it\/wp-json\/wp\/v2\/posts"}],"about":[{"href":"https:\/\/www.lasalle.org\/it\/wp-json\/wp\/v2\/types\/post"}],"author":[{"embeddable":true,"href":"https:\/\/www.lasalle.org\/it\/wp-json\/wp\/v2\/users\/12"}],"replies":[{"embeddable":true,"href":"https:\/\/www.lasalle.org\/it\/wp-json\/wp\/v2\/comments?post=98821"}],"version-history":[{"count":3,"href":"https:\/\/www.lasalle.org\/it\/wp-json\/wp\/v2\/posts\/98821\/revisions"}],"predecessor-version":[{"id":99163,"href":"https:\/\/www.lasalle.org\/it\/wp-json\/wp\/v2\/posts\/98821\/revisions\/99163"}],"wp:featuredmedia":[{"embeddable":true,"href":"https:\/\/www.lasalle.org\/it\/wp-json\/wp\/v2\/media\/98822"}],"wp:attachment":[{"href":"https:\/\/www.lasalle.org\/it\/wp-json\/wp\/v2\/media?parent=98821"}],"wp:term":[{"taxonomy":"category","embeddable":true,"href":"https:\/\/www.lasalle.org\/it\/wp-json\/wp\/v2\/categories?post=98821"},{"taxonomy":"post_tag","embeddable":true,"href":"https:\/\/www.lasalle.org\/it\/wp-json\/wp\/v2\/tags?post=98821"}],"curies":[{"name":"wp","href":"https:\/\/api.w.org\/{rel}","templated":true}]}}